{
  "agency": {
    "country": "ES",
    "id": "ctan-andalucia",
    "name": "Red de Consorcios de Transporte de Andaluc\u00eda",
    "operating_note": "One daily-updated archive covering the nine Andalusian metropolitan transport consortia (Sevilla, Bah\u00eda de C\u00e1diz, Granada, M\u00e1laga, Campo de Gibraltar, Almer\u00eda, Ja\u00e9n, C\u00f3rdoba, Costa de Huelva). It carries the consortia's metropolitan services and does not repackage any operator feed already listed.",
    "subdivision_code": "ES-AN",
    "subdivision_name": "Andaluc\u00eda"
  },
  "categories": {
    "completeness": {
      "details": {
        "accessibility": {
          "measures": "presence_not_usability",
          "score": 0.0,
          "stops_marked_accessible_pct": 0.0,
          "stops_marked_not_accessible_pct": 0.0,
          "stops_stated_pct": 0.0,
          "trips_stated_pct": 0.0
        },
        "accessibility_measures": "presence_not_usability",
        "cemv": {
          "declared": false,
          "supported": false
        },
        "components": {
          "contact": 7.5,
          "fares": 0.0,
          "headsigns": 0.4,
          "stop_names": 15.0,
          "wheelchair_stops": 0.0,
          "wheelchair_trips": 0.0
        },
        "fare_free": false,
        "fares": {
          "applied": false,
          "has_leg_rules": false,
          "has_products": false,
          "has_transfer_rules": false,
          "model": "none",
          "product_count": 0
        },
        "flex": {
          "booking_reachable": false,
          "booking_rule_count": 0,
          "has_booking_rules": false,
          "has_flex": false
        },
        "has_fares": false,
        "headsign_applicable_trips": 16466,
        "headsign_loop_exempt_trips": 492,
        "headsign_pct": 0.0,
        "headsign_scored_pct": 2.9,
        "mixed_case_stop_name_pct": 100.0,
        "pathways": {
          "has_entrances": false,
          "has_levels": false,
          "has_pathways": false,
          "has_stations": false,
          "has_step_free": false,
          "pathway_count": 0
        },
        "stops": 5033,
        "translations": {
          "feed_lang": null,
          "has_translations": false,
          "languages": [],
          "translated_tables": [],
          "translation_count": 0
        },
        "trips": 16958,
        "unmeasured_components": [],
        "wheelchair_accessible_pct": 0.0,
        "wheelchair_boarding_pct": 0.0,
        "wheelchair_marked_accessible_pct": 0.0,
        "wheelchair_marked_not_accessible_pct": 0.0
      },
      "findings": [
        {
          "code": "scorecard_wheelchair_boarding_unknown",
          "count": 5033,
          "effort": "A column in stops.txt; your scheduling software likely has it.",
          "fix": "Set wheelchair_boarding to 1 (accessible) or 2 (not accessible) for every stop. A field survey can start with the busiest stops.",
          "owner": "Likely your team",
          "points": 25.0,
          "severity": "WARNING",
          "what": "5033 of 5033 stops don't say whether a wheelchair user can board there.",
          "why": "Riders who use wheelchairs can't plan a trip when accessibility is marked 'unknown'; apps show no information at all."
        },
        {
          "code": "scorecard_wheelchair_accessible_unknown",
          "count": 16958,
          "effort": "A default or per-trip field in your export.",
          "fix": "Set wheelchair_accessible on every trip. If every vehicle is accessible, this may be one default; otherwise use the value for each trip.",
          "owner": "Likely your export tool",
          "points": 15.0,
          "severity": "WARNING",
          "what": "16958 of 16958 trips don't say whether the vehicle is wheelchair accessible.",
          "why": "Even with accessible stops, riders need to know the transit vehicle itself can take them."
        },
        {
          "code": "scorecard_no_fare_data",
          "count": 1,
          "effort": "A small file for most flat-fare systems.",
          "fix": "Add fare_attributes.txt (or Fares v2 files) with your fare structure. If your service is fare-free, ask to have it marked fare-free instead.",
          "owner": "",
          "points": 15.0,
          "severity": "WARNING",
          "what": "The feed contains no fare information.",
          "why": "Riders see 'fare unknown' in trip planners and can't budget their trip; visitors are most affected."
        },
        {
          "code": "scorecard_missing_headsigns",
          "count": 16466,
          "effort": "Usually one value per route pattern in your scheduling source.",
          "fix": "Add the destination, direction, or 'via' label riders actually see to trip_headsign. Do not copy the route name. If the label changes during the trip, use stop_headsign.",
          "owner": "",
          "points": 14.6,
          "severity": "WARNING",
          "what": "16466 of 16958 trips have no headsign, the text that tells riders where the transit vehicle is going.",
          "why": "When a route has multiple directions or patterns, the route name alone may not tell riders which service is coming."
        },
        {
          "code": "scorecard_no_feed_contact",
          "count": 1,
          "effort": "One field.",
          "fix": "Add feed_contact_email to feed_info.txt.",
          "owner": "",
          "points": 7.5,
          "severity": "INFO",
          "what": "feed_info.txt has no technical contact (feed_contact_email or feed_contact_url).",
          "why": "App makers and state data programs have nobody to email when they spot a problem. Small errors then sit in the feed for months."
        }
      ],
      "name": "completeness",
      "score": 22.9,
      "status": "measured",
      "summary": "0% of stops state wheelchair accessibility (0% marked accessible, 0% marked not accessible). This measures what the feed publishes, not whether a stop is physically usable. Fare data is not published.",
      "weight": 0.25
    },
    "correctness": {
      "details": {
        "distinct_codes": 12,
        "instances_by_severity": {
          "ERROR": 0,
          "INFO": 2045,
          "WARNING": 355
        },
        "validator_version": "8.0.1"
      },
      "findings": [
        {
          "code": "fast_travel_between_consecutive_stops",
          "count": 76,
          "effort": "A few minutes per flagged trip.",
          "fix": "Check the flagged stop times for transposed minutes.",
          "owner": "",
          "points": 8.0,
          "severity": "WARNING",
          "what": "Some scheduled trips move faster between stops than a transit vehicle can.",
          "why": "Usually a typo'd stop time; riders get arrival times no transit vehicle can meet."
        },
        {
          "code": "missing_bike_allowance",
          "count": 76,
          "effort": "Varies.",
          "fix": "Review the rule documentation for 'missing_bike_allowance' at https://gtfs-validator.mobilitydata.org/rules.html and check the flagged rows in your feed.",
          "owner": "",
          "points": 8.0,
          "severity": "WARNING",
          "what": "Missing bike allowance (flagged by the MobilityData validator).",
          "why": "See the linked rule for what this affects."
        },
        {
          "code": "fast_travel_between_far_stops",
          "count": 74,
          "effort": "Minutes per flagged trip once you open it.",
          "fix": "Check the two stop times for a wrong digit first. Then check whether a stop sits at the wrong coordinates, or a stop between them is missing.",
          "owner": "",
          "points": 8.0,
          "severity": "WARNING",
          "what": "Between two distant stops, the times imply a speed no transit vehicle reaches.",
          "why": "A rider gets a trip plan that cannot happen. Live systems then report delays that are not real."
        },
        {
          "code": "stop_too_far_from_shape",
          "count": 65,
          "effort": "A few minutes per flagged stop.",
          "fix": "Check the flagged stops' coordinates and the route shape in your scheduling software; re-snap whichever is misplaced.",
          "owner": "Likely your export tool",
          "points": 8.0,
          "severity": "WARNING",
          "what": "Some stops sit far from the route line they belong to.",
          "why": "Trip planners may draw the transit vehicle route through the wrong path or point riders to the wrong boarding location."
        },
        {
          "code": "expired_calendar",
          "count": 27,
          "effort": "One setting in most export tools.",
          "fix": "Remove past service periods the next time you export the feed.",
          "owner": "Likely your export tool",
          "points": 6.0,
          "severity": "WARNING",
          "what": "Some service calendars in the feed have already ended.",
          "why": "Expired calendars are dead weight and can hide real schedule problems from your staff and vendors."
        },
        {
          "code": "route_color_contrast",
          "count": 19,
          "effort": "One field per route.",
          "fix": "Pick a darker/lighter route_text_color for the flagged routes.",
          "owner": "",
          "points": 6.0,
          "severity": "WARNING",
          "what": "Some route colors don't contrast with their text color.",
          "why": "Route badges get hard to read, most of all for riders with low vision."
        },
        {
          "code": "stops_match_shape_out_of_order",
          "count": 9,
          "effort": "A few minutes per flagged trip.",
          "fix": "Check the stop order and the shape direction in your scheduling software; the shape is often drawn backwards.",
          "owner": "Likely your export tool",
          "points": 6.0,
          "severity": "WARNING",
          "what": "On some trips the stops fall along the route line in a different order than the schedule lists.",
          "why": "Trip planners can draw the transit vehicle doubling back or skipping ahead, which confuses riders reading the map."
        },
        {
          "code": "service_has_no_active_day_of_the_week",
          "count": 8,
          "effort": "A few minutes in your scheduling software.",
          "fix": "Delete the empty calendars or set their service days.",
          "owner": "Likely your export tool",
          "points": 6.0,
          "severity": "WARNING",
          "what": "Some service calendars have no days of the week switched on.",
          "why": "Trips tied to these calendars never run; they are dead data that can mask real schedule problems."
        },
        {
          "code": "missing_recommended_file",
          "count": 1,
          "effort": "One small file, set once in export settings.",
          "fix": "Add feed_info.txt with publisher name, URL, language, and feed_start_date/feed_end_date.",
          "owner": "Likely your export tool",
          "points": 4.0,
          "severity": "WARNING",
          "what": "A file GTFS asks for (usually feed_info.txt) is missing.",
          "why": "feed_info.txt tells apps who publishes the feed and when it expires; without it nobody is warned before data goes stale."
        },
        {
          "code": "big_gap_in_service",
          "count": 916,
          "effort": "A review of your calendar dates.",
          "fix": "Check whether the gap is real, like a seasonal break; if not, add the missing dates to the calendar.",
          "owner": "",
          "points": 1.0,
          "severity": "INFO",
          "what": "The feed has a stretch of two weeks or more with no service running.",
          "why": "A long gap can mean dates were left out of the calendar. Apps then show no trips on those days."
        },
        {
          "code": "unsorted_stop_times",
          "count": 882,
          "effort": "Varies.",
          "fix": "Review the rule documentation for 'unsorted_stop_times' at https://gtfs-validator.mobilitydata.org/rules.html and check the flagged rows in your feed.",
          "owner": "",
          "points": 1.0,
          "severity": "INFO",
          "what": "Unsorted stop times (flagged by the MobilityData validator).",
          "why": "See the linked rule for what this affects."
        },
        {
          "code": "service_extends_far_in_the_future",
          "count": 247,
          "effort": "Varies.",
          "fix": "Review the rule documentation for 'service_extends_far_in_the_future' at https://gtfs-validator.mobilitydata.org/rules.html and check the flagged rows in your feed.",
          "owner": "",
          "points": 1.0,
          "severity": "INFO",
          "what": "Service extends far in the future (flagged by the MobilityData validator).",
          "why": "See the linked rule for what this affects."
        }
      ],
      "name": "correctness",
      "score": 37.0,
      "status": "measured",
      "summary": "The MobilityData validator flagged 12 kinds of issue across 2400 instances (0 error, 355 warning, 2045 informational).",
      "weight": 0.35
    },
    "freshness": {
      "details": {
        "days_until_expiry": 4255,
        "effective_expiry_date": "2038-04-30",
        "feed_end_date": null,
        "feed_start_date": null,
        "feed_version": null,
        "has_feed_info": false,
        "last_service_date": "2038-04-30",
        "seasonal_boundary": false,
        "service_horizon_review_years": 10,
        "service_horizon_status": "unusually_distant",
        "service_type": "fixed"
      },
      "findings": [
        {
          "code": "scorecard_missing_feed_info_dates",
          "count": 1,
          "effort": "Two fields, set once in export settings.",
          "fix": "Add feed_info.txt with feed_start_date and feed_end_date to your export.",
          "owner": "Likely your export tool",
          "points": 15.0,
          "severity": "WARNING",
          "what": "feed_info.txt is missing its start/end dates (the file itself is absent)",
          "why": "Apps and this scorecard can't warn anyone before the feed goes stale without stated validity dates."
        }
      ],
      "name": "freshness",
      "score": 85.0,
      "status": "measured",
      "summary": "Service is published through 2038-04-30, an unusually distant end date. It may be intentional, but confirm it before treating the feed as maintained.",
      "weight": 0.2
    },
    "realtime": {
      "name": "realtime",
      "status": "not_yet_measured",
      "summary": "Not scored yet. Nothing here counts against the grade.",
      "weight": 0.2
    }
  },
  "confidence": {
    "feed_age_days": 0,
    "fetch_source": "origin",
    "level": "medium",
    "measured_categories": 3,
    "notes": [
      "Realtime quality was not measured this run. It does not count against the grade.",
      "The feed was downloaded from the official feed URL on file."
    ],
    "rt_windows": 0,
    "total_categories": 4
  },
  "conformance": {
    "awarded": false,
    "criteria": [
      {
        "detail": "Passes validation with no errors.",
        "key": "valid",
        "met": true
      },
      {
        "detail": "The published window is current, but its service end date is unusually distant; confirm that date is intentional.",
        "key": "current",
        "met": true
      },
      {
        "detail": "States wheelchair access on 0% of stops and 0% of trips; the mark needs 90% of each.",
        "key": "accessible",
        "met": false
      }
    ],
    "status": "not_yet",
    "summary": "One requirement remains for this feed to earn the conformance mark. States wheelchair access on 0% of stops and 0% of trips; the mark needs 90% of each.",
    "version": 2
  },
  "feed": {
    "license_note": "Published under the network's own reuse conditions, which permit commercial and non-commercial reuse when the source and the date the data was obtained are cited.",
    "reachable": true,
    "sha256": "e067cf9842a2843d33fc081fa6889f15380b3be1bc17bdbce3f11b44fbeb8b8e",
    "size_bytes": 5575946,
    "source_provenance": "official",
    "static_url": "https://api.ctan.es/v1/datos/UNIFICADO/gtfs.zip"
  },
  "ferry_profile": {
    "accessibility": {
      "measures": "published_values_not_physical_usability",
      "terminals": {
        "allowed_count": 0,
        "allowed_pct": 0.0,
        "not_allowed_count": 0,
        "not_allowed_pct": 0.0,
        "stated_count": 0,
        "stated_pct": 0.0,
        "total_count": 3
      },
      "trips": {
        "allowed_count": 0,
        "allowed_pct": 0.0,
        "not_allowed_count": 0,
        "not_allowed_pct": 0.0,
        "stated_count": 0,
        "stated_pct": 0.0,
        "total_count": 76
      }
    },
    "bikes": {
      "allowed_count": 0,
      "allowed_pct": 0.0,
      "not_allowed_count": 0,
      "not_allowed_pct": 0.0,
      "stated_count": 0,
      "stated_pct": 0.0,
      "total_count": 76
    },
    "cars": {
      "allowed_count": 0,
      "allowed_pct": 0.0,
      "not_allowed_count": 0,
      "not_allowed_pct": 0.0,
      "stated_count": 0,
      "stated_pct": 0.0,
      "total_count": 76
    },
    "fares": {
      "applied": false,
      "fare_free": false,
      "model": "none",
      "scope": "whole_feed"
    },
    "graded": false,
    "measured": true,
    "realtime": {
      "configured_kinds": [],
      "kinds_configured": 0,
      "scope": "whole_feed"
    },
    "route_count": 2,
    "scope": "ferry_routes_and_trips",
    "stop_access": {
      "direct_count": 0,
      "eligible_terminal_count": 0,
      "stated_count": 0,
      "stated_pct": null,
      "through_station_count": 0
    },
    "terminal_hierarchy": {
      "boarding_location_count": 3,
      "parented_boarding_location_count": 0,
      "parented_boarding_location_pct": 0.0,
      "referenced_station_count": 0
    },
    "trip_count": 76
  },
  "fetch": {
    "final_url": "https://api.ctan.es/v1/datos/UNIFICADO/gtfs.zip",
    "max_attempts": 4,
    "reader_archive_profile": "raw-v1",
    "source": "origin",
    "user_agent": "Mozilla/5.0 (X11; Linux x86_64) AppleWebKit/537.36 (KHTML, like Gecko) Chrome/125.0.0.0 Safari/537.36"
  },
  "generated_at": "2026-09-05T00:00:00+00:00",
  "geo": {
    "bbox": [
      -7.40451,
      36.01788,
      -1.89554,
      38.13972
    ],
    "lat": 37.1326,
    "lon": -4.53202,
    "stop_count": 5033
  },
  "mode_profile": {
    "ferry_only": false,
    "graded": false,
    "has_ferry": true,
    "is_multimodal": true,
    "measured": true,
    "modes": [
      {
        "key": "bus",
        "label": "Bus",
        "route_count": 486,
        "trip_count": 16882,
        "trip_share_pct": 99.6
      },
      {
        "key": "ferry",
        "label": "Ferry",
        "route_count": 2,
        "trip_count": 76,
        "trip_share_pct": 0.4
      }
    ],
    "primary_mode": "bus",
    "primary_mode_label": "Bus",
    "route_count": 488,
    "trip_count": 16958
  },
  "overall": {
    "grade": "F",
    "margin_to_lower_band": 44.6,
    "margin_to_next_band": 15.4,
    "score": 44.6
  },
  "recommendations": [
    {
      "category": "accessibility",
      "code": "scorecard_route_color_low_contrast",
      "count": 426,
      "effort": "A per-route color setting in your scheduling software.",
      "fix": "Adjust route_color or route_text_color so each pair clears 4.5:1. Often switching the text between black and white is enough.",
      "owner": "Likely your export tool",
      "points": 0.0,
      "severity": "WARNING",
      "what": "426 route badge(s) pair a color and text color below the WCAG 4.5:1 contrast bar (1061, 1110, 1111, 1120, 1121, and more).",
      "why": "Riders with low vision struggle to read a low-contrast route badge. It also washes out on a phone screen in sunlight at the stop."
    },
    {
      "category": "accessibility",
      "code": "scorecard_stop_name_needs_tts",
      "count": 333,
      "effort": "A short text field per affected stop; start with the busiest.",
      "fix": "Add tts_stop_name with the spoken form, e.g. 'Main Street and Second Avenue', for the affected stops.",
      "owner": "",
      "points": 0.0,
      "severity": "INFO",
      "what": "333 stop name(s) use abbreviations or symbols a screen reader may mispronounce, with no spoken form set (\"Rtda Entrada Av De La Constituci\u00f3n\", \"Av De La Constitucion Lava Coches\", \"Venta De Los Pinares Se-3204 (V)\", and more).",
      "why": "A screen reader speaks the raw name. 'Main St & 2nd Ave' can come out as 'Main saint', or lose the ampersand."
    }
  ],
  "routability": {
    "boardable_stops": 5033,
    "findings": [],
    "orphan_stops": 0,
    "single_stop_trips": 0,
    "trips_total": 16958
  },
  "route_map": {
    "drawn_route_count": 488,
    "has_shapes": true,
    "path": "data/artifacts/ctan-andalucia/geometry.geojson",
    "route_count": 488,
    "routes": [
      {
        "color": "FF0000",
        "color_name": "red",
        "has_shape": true,
        "id": "1_204",
        "label": "1061",
        "long": "M-106 Carmona - El Viso - Mairena Del Alcor - Alcal\u00e1 De Guada\u00edra",
        "short": "1061",
        "text_color": "FFFFFF",
        "type_label": "Bus"
      },
      {
        "color": "FF0000",
        "color_name": "red",
        "has_shape": true,
        "id": "1_206",
        "label": "1110",
        "long": "M-111 San Jos\u00e9 De La Rinconada-  Sevilla (Por El Gordillo)",
        "short": "1110",
        "text_color": "FFFFFF",
        "type_label": "Bus"
      },
      {
        "color": "FF0000",
        "color_name": "red",
        "has_shape": true,
        "id": "1_207",
        "label": "1111",
        "long": "M-111 San Jos\u00e9 De La Rinconada -  Sevilla (Directo  Ida)",
        "short": "1111",
        "text_color": "FFFFFF",
        "type_label": "Bus"
      },
      {
        "color": "FF0000",
        "color_name": "red",
        "has_shape": true,
        "id": "1_208",
        "label": "1120",
        "long": "M-112 San Jos\u00e9 De La Rinconada-  Sevilla (Por La Rinconada)",
        "short": "1120",
        "text_color": "FFFFFF",
        "type_label": "Bus"
      },
      {
        "color": "FF0000",
        "color_name": "red",
        "has_shape": true,
        "id": "1_209",
        "label": "1121",
        "long": "M-112 La Rinconada - Sevilla (Directo)",
        "short": "1121",
        "text_color": "FFFFFF",
        "type_label": "Bus"
      },
      {
        "color": "FF0000",
        "color_name": "red",
        "has_shape": true,
        "id": "1_210",
        "label": "1150",
        "long": "M-115 Alcal\u00e1 Del R\u00edo - La Rinconada - Sevilla",
        "short": "1150",
        "text_color": "FFFFFF",
        "type_label": "Bus"
      },
      {
        "color": "FF0000",
        "color_name": "red",
        "has_shape": true,
        "id": "1_211",
        "label": "1151",
        "long": "M-115 Alcal\u00e1 Del R\u00edo - La Rinconada - San Jos\u00e9 De La Rinconada - Sevilla",
        "short": "1151",
        "text_color": "FFFFFF",
        "type_label": "Bus"
      },
      {
        "color": "FF0000",
        "color_name": "red",
        "has_shape": true,
        "id": "1_212",
        "label": "1200",
        "long": "M-120 Sevilla (Torreblanca) - Alcal\u00e1 De Guada\u00edra (San Rafael - Santa Genoveva)",
        "short": "1200",
        "text_color": "FFFFFF",
        "type_label": "Bus"
      },
      {
        "color": "FF0000",
        "color_name": "red",
        "has_shape": true,
        "id": "1_213",
        "label": "1201",
        "long": "M-120 Sevilla (Torreblanca) - Alcal\u00e1 De Guada\u00edra (San Rafael)",
        "short": "1201",
        "text_color": "FFFFFF",
        "type_label": "Bus"
      },
      {
        "color": "FF0000",
        "color_name": "red",
        "has_shape": true,
        "id": "1_214",
        "label": "1210",
        "long": "M-121 Alcal\u00e1 De Guada\u00edra -Sevilla",
        "short": "1210",
        "text_color": "FFFFFF",
        "type_label": "Bus"
      },
      {
        "color": "FF0000",
        "color_name": "red",
        "has_shape": true,
        "id": "1_215",
        "label": "1220",
        "long": "M-122 Alcal\u00e1 De Guada\u00edra - Sevilla (Directo)",
        "short": "1220",
        "text_color": "FFFFFF",
        "type_label": "Bus"
      },
      {
        "color": "FF0000",
        "color_name": "red",
        "has_shape": true,
        "id": "1_216",
        "label": "1230",
        "long": "M-123 Alcal\u00e1 De Guada\u00edra - Sevilla (Por Quintillo)",
        "short": "1230",
        "text_color": "FFFFFF",
        "type_label": "Bus"
      },
      {
        "color": "FF0000",
        "color_name": "red",
        "has_shape": true,
        "id": "1_217",
        "label": "1260",
        "long": "M-126 El Viso Del Alcor - Sevilla",
        "short": "1260",
        "text_color": "FFFFFF",
        "type_label": "Bus"
      },
      {
        "color": "FF0000",
        "color_name": "red",
        "has_shape": true,
        "id": "1_218",
        "label": "1300",
        "long": "M-130A Montequinto - Sevilla (Por Upo)",
        "short": "1300",
        "text_color": "FFFFFF",
        "type_label": "Bus"
      },
      {
        "color": "FF0000",
        "color_name": "red",
        "has_shape": true,
        "id": "1_219",
        "label": "1301",
        "long": "M-130B Montequinto - Sevilla (Por Olivar De Quintos Y Bda Echaguy)",
        "short": "1301",
        "text_color": "FFFFFF",
        "type_label": "Bus"
      },
      {
        "color": "FF0000",
        "color_name": "red",
        "has_shape": true,
        "id": "1_220",
        "label": "1240",
        "long": "M-124 Carmona - Sevilla",
        "short": "1240",
        "text_color": "FFFFFF",
        "type_label": "Bus"
      },
      {
        "color": "FF0000",
        "color_name": "red",
        "has_shape": true,
        "id": "1_221",
        "label": "1241",
        "long": "M-124 Carmona - El Viso Del Alcor - Sevilla",
        "short": "1241",
        "text_color": "FFFFFF",
        "type_label": "Bus"
      },
      {
        "color": "FF0000",
        "color_name": "red",
        "has_shape": true,
        "id": "1_222",
        "label": "1242",
        "long": "M-124 Sevilla - Carmona -  La Campana (Directo  Est Prado)",
        "short": "1242",
        "text_color": "FFFFFF",
        "type_label": "Bus"
      },
      {
        "color": "FF0000",
        "color_name": "red",
        "has_shape": true,
        "id": "1_223",
        "label": "2210",
        "long": "M-221 Utrera - Sevilla (Por Quintillo)",
        "short": "2210",
        "text_color": "FFFFFF",
        "type_label": "Bus"
      },
      {
        "color": "FF0000",
        "color_name": "red",
        "has_shape": true,
        "id": "1_224",
        "label": "2211",
        "long": "M-221 Utrera -Sevilla (Por Alcal\u00e1 De G)",
        "short": "2211",
        "text_color": "FFFFFF",
        "type_label": "Bus"
      },
      {
        "color": "FF0000",
        "color_name": "red",
        "has_shape": true,
        "id": "1_232",
        "label": "1100",
        "long": "M-110 La Algaba - Sevilla",
        "short": "1100",
        "text_color": "FFFFFF",
        "type_label": "Bus"
      },
      {
        "color": "FF0000",
        "color_name": "red",
        "has_shape": true,
        "id": "1_233",
        "label": "1140",
        "long": "M-114 Torre De La Reina - Sevilla",
        "short": "1140",
        "text_color": "FFFFFF",
        "type_label": "Bus"
      },
      {
        "color": "FF0000",
        "color_name": "red",
        "has_shape": true,
        "id": "1_234",
        "label": "1760",
        "long": "M-176 Aznalc\u00f3llar - Gerena - Camas - Sevilla",
        "short": "1760",
        "text_color": "FFFFFF",
        "type_label": "Bus"
      },
      {
        "color": "FF0000",
        "color_name": "red",
        "has_shape": true,
        "id": "1_235",
        "label": "1761",
        "long": "M-176 Aznalc\u00f3llar - Sanl\u00facar La Mayor - Sevilla",
        "short": "1761",
        "text_color": "FFFFFF",
        "type_label": "Bus"
      },
      {
        "color": "FF0000",
        "color_name": "red",
        "has_shape": true,
        "id": "1_236",
        "label": "1770",
        "long": "M-177 Torre De La Reina - Guillena - Pi Los Girasoles - Camas - Sevilla (Sent Sevilla)",
        "short": "1770",
        "text_color": "FFFFFF",
        "type_label": "Bus"
      },
      {
        "color": "FF0000",
        "color_name": "red",
        "has_shape": true,
        "id": "1_238",
        "label": "2160",
        "long": "M-216 Brenes - Sevilla",
        "short": "2160",
        "text_color": "FFFFFF",
        "type_label": "Bus"
      },
      {
        "color": "FF0000",
        "color_name": "red",
        "has_shape": true,
        "id": "1_239",
        "label": "1041",
        "long": "M-104  Alcal\u00e1 De Guada\u00edra - Hospital De Valme",
        "short": "1041",
        "text_color": "FFFFFF",
        "type_label": "Bus"
      },
      {
        "color": "FF0000",
        "color_name": "red",
        "has_shape": true,
        "id": "1_240",
        "label": "1310",
        "long": "M-131 Dos Hermanas -\u00a0Sevilla (Directo)",
        "short": "1310",
        "text_color": "FFFFFF",
        "type_label": "Bus"
      },
      {
        "color": "FF0000",
        "color_name": "red",
        "has_shape": true,
        "id": "1_241",
        "label": "1311",
        "long": "M-131 Dos Hermanas -\u00a0Sevilla (Por Hospital Tomillar)",
        "short": "1311",
        "text_color": "FFFFFF",
        "type_label": "Bus"
      },
      {
        "color": "FF0000",
        "color_name": "red",
        "has_shape": true,
        "id": "1_242",
        "label": "1320",
        "long": "M-132 Dos Hermanas -\u00a0Sevilla (Barriadas)",
        "short": "1320",
        "text_color": "FFFFFF",
        "type_label": "Bus"
      },
      {
        "color": "FF0000",
        "color_name": "red",
        "has_shape": true,
        "id": "1_243",
        "label": "1321",
        "long": "M-132B Dos Hermanas (Por Pol\u00edgono La Isla) - Fuente Del Rey - Sevilla",
        "short": "1321",
        "text_color": "FFFFFF",
        "type_label": "Bus"
      },
      {
        "color": "FF0000",
        "color_name": "red",
        "has_shape": true,
        "id": "1_244",
        "label": "1330",
        "long": "M-133 Dos Hermanas - Montequinto (Por Echaguy) -\u00a0Sevilla",
        "short": "1330",
        "text_color": "FFFFFF",
        "type_label": "Bus"
      },
      {
        "color": "FF0000",
        "color_name": "red",
        "has_shape": true,
        "id": "1_245",
        "label": "1331",
        "long": "M-133 Dos Hermanas (Por Olivar De Quintos) - Sevilla",
        "short": "1331",
        "text_color": "FFFFFF",
        "type_label": "Bus"
      },
      {
        "color": "FF0000",
        "color_name": "red",
        "has_shape": true,
        "id": "1_247",
        "label": "1340",
        "long": "M-134 Los Palacios - Sevilla",
        "short": "1340",
        "text_color": "FFFFFF",
        "type_label": "Bus"
      },
      {
        "color": "FF0000",
        "color_name": "red",
        "has_shape": true,
        "id": "1_248",
        "label": "1745",
        "long": "M-174 Valencina (La Gloria  Las Pilas) - Camas - Sevilla",
        "short": "1745",
        "text_color": "FFFFFF",
        "type_label": "Bus"
      },
      {
        "color": "FF0000",
        "color_name": "red",
        "has_shape": true,
        "id": "1_250",
        "label": "1750",
        "long": "M-175 Albaida - Olivares - Salteras - Camas - Sevilla (Directo)",
        "short": "1750",
        "text_color": "FFFFFF",
        "type_label": "Bus"
      },
      {
        "color": "FF0000",
        "color_name": "red",
        "has_shape": true,
        "id": "1_251",
        "label": "1751",
        "long": "M-175 Albaida - Olivares - Salteras - Valencina - Camas - Sevilla (Por Est Cerc Salteras)",
        "short": "1751",
        "text_color": "FFFFFF",
        "type_label": "Bus"
      },
      {
        "color": "FF0000",
        "color_name": "red",
        "has_shape": true,
        "id": "1_252",
        "label": "1780",
        "long": "M-175 Albaida -Sevilla(Por Se\u00f1or\u00edo De Guzm\u00e1n) (Sab  Dom Y Fest)",
        "short": "1780",
        "text_color": "FFFFFF",
        "type_label": "Bus"
      },
      {
        "color": "FF0000",
        "color_name": "red",
        "has_shape": true,
        "id": "1_253",
        "label": "1781",
        "long": "M-175 Albaida - Sevilla (Por Se\u00f1or\u00edo De Guzm\u00e1n Y Gines) (Vier  Sab  Dom Y Fest)",
        "short": "1781",
        "text_color": "FFFFFF",
        "type_label": "Bus"
      },
      {
        "color": "FF0000",
        "color_name": "red",
        "has_shape": true,
        "id": "1_254",
        "label": "1752",
        "long": "M-175 Parcial Valencina - Sevilla (Por Se\u00f1or\u00edo De Guzm\u00e1n)",
        "short": "1752",
        "text_color": "FFFFFF",
        "type_label": "Bus"
      },
      {
        "color": "FF0000",
        "color_name": "red",
        "has_shape": true,
        "id": "1_255",
        "label": "1753",
        "long": "M-175 \u00a0Albaida - Sevilla (Por Gines  Ida) (Sab  Dom Y Fest)",
        "short": "1753",
        "text_color": "FFFFFF",
        "type_label": "Bus"
      },
      {
        "color": "FF0000",
        "color_name": "red",
        "has_shape": true,
        "id": "1_259",
        "label": "1011",
        "long": "M-101A Circular Bormujos - Castilleja - Tomares - S Juan A - Mairena (Sent A)",
        "short": "1011",
        "text_color": "FFFFFF",
        "type_label": "Bus"
      },
      {
        "color": "FF0000",
        "color_name": "red",
        "has_shape": true,
        "id": "1_260",
        "label": "1012",
        "long": "M-101B Circular Bormujos - Mairena - Sjuan (Cerro Sagrcorazones) - Tomares -Castilleja (Sent B)",
        "short": "1012",
        "text_color": "FFFFFF",
        "type_label": "Bus"
      },
      {
        "color": "FF0000",
        "color_name": "red",
        "has_shape": true,
        "id": "1_263",
        "label": "1610",
        "long": "M-161 Circular Sevilla - Tomares",
        "short": "1610",
        "text_color": "FFFFFF",
        "type_label": "Bus"
      },
      {
        "color": "FF0000",
        "color_name": "red",
        "has_shape": true,
        "id": "1_264",
        "label": "1620",
        "long": "M-162 Bormujos - Sevilla (Por Tomares)",
        "short": "1620",
        "text_color": "FFFFFF",
        "type_label": "Bus"
      },
      {
        "color": "FF0000",
        "color_name": "red",
        "has_shape": true,
        "id": "1_265",
        "label": "1621",
        "long": "M-162 Bormujos - Sevilla (Por Avda Reina Sof\u00eda  Tomares)",
        "short": "1621",
        "text_color": "FFFFFF",
        "type_label": "Bus"
      },
      {
        "color": "FF0000",
        "color_name": "red",
        "has_shape": true,
        "id": "1_267",
        "label": "1651",
        "long": "M-165 Castilleja Del Campo -\u00a0Sevilla",
        "short": "1651",
        "text_color": "FFFFFF",
        "type_label": "Bus"
      },
      {
        "color": "FF0000",
        "color_name": "red",
        "has_shape": true,
        "id": "1_268",
        "label": "1631",
        "long": "M-163 Circular Sevilla - Bormujos",
        "short": "1631",
        "text_color": "FFFFFF",
        "type_label": "Bus"
      },
      {
        "color": "FF0000",
        "color_name": "red",
        "has_shape": true,
        "id": "1_271",
        "label": "1640",
        "long": "M-164 Sevilla - Bormujos (Por Sta Eufemia  Tomares) (Nocturno)",
        "short": "1640",
        "text_color": "FFFFFF",
        "type_label": "Bus"
      },
      {
        "color": "FF0000",
        "color_name": "red",
        "has_shape": true,
        "id": "1_272",
        "label": "1571",
        "long": "M-157 Bollullos De La Mitaci\u00f3n -\u00a0Sevilla (Por Tomares)",
        "short": "1571",
        "text_color": "FFFFFF",
        "type_label": "Bus"
      },
      {
        "color": "FF0000",
        "color_name": "red",
        "has_shape": true,
        "id": "1_273",
        "label": "1580",
        "long": "M-158 Bollullos De La Mitaci\u00f3n -\u00a0Sevilla (Por Bormujos)",
        "short": "1580",
        "text_color": "FFFFFF",
        "type_label": "Bus"
      },
      {
        "color": "FF0000",
        "color_name": "red",
        "has_shape": true,
        "id": "1_274",
        "label": "1691",
        "long": "M-169 Pilas - Sevilla",
        "short": "1691",
        "text_color": "FFFFFF",
        "type_label": "Bus"
      },
      {
        "color": "FF0000",
        "color_name": "red",
        "has_shape": true,
        "id": "1_275",
        "label": "1692",
        "long": "M-169 Villamanrique - Pilas - Sevilla",
        "short": "1692",
        "text_color": "FFFFFF",
        "type_label": "Bus"
      },
      {
        "color": "FF0000",
        "color_name": "red",
        "has_shape": true,
        "id": "1_276",
        "label": "1591",
        "long": "M-159 Bollullos De La Mitaci\u00f3n - Sevilla (Por A-49)",
        "short": "1591",
        "text_color": "FFFFFF",
        "type_label": "Bus"
      },
      {
        "color": "FF0000",
        "color_name": "red",
        "has_shape": true,
        "id": "1_277",
        "label": "1590",
        "long": "M-159 Bollullos De La Mitaci\u00f3n - Sevilla (Por El Barrero  Bormujos Y Cast Cuesta)",
        "short": "1590",
        "text_color": "FFFFFF",
        "type_label": "Bus"
      },
      {
        "color": "FF0000",
        "color_name": "red",
        "has_shape": true,
        "id": "1_278",
        "label": "1660",
        "long": "M-166 Sanl\u00facar La Mayor - Sevilla (Directo  Laborables)",
        "short": "1660",
        "text_color": "FFFFFF",
        "type_label": "Bus"
      },
      {
        "color": "FF0000",
        "color_name": "red",
        "has_shape": true,
        "id": "1_279",
        "label": "1661",
        "long": "M-166 Sanl\u00facar La Mayor - Sevilla",
        "short": "1661",
        "text_color": "FFFFFF",
        "type_label": "Bus"
      },
      {
        "color": "FF0000",
        "color_name": "red",
        "has_shape": true,
        "id": "1_281",
        "label": "1663",
        "long": "M-166 Sanl\u00facar La Mayor -\u00a0Sevilla (Por Villanueva Y Hptal  Sab)",
        "short": "1663",
        "text_color": "FFFFFF",
        "type_label": "Bus"
      },
      {
        "color": "FF0000",
        "color_name": "red",
        "has_shape": true,
        "id": "1_282",
        "label": "1664",
        "long": "M-166 Sanl\u00facar La Mayor -\u00a0Sevilla (Por Villanueva Del Ariscal)",
        "short": "1664",
        "text_color": "FFFFFF",
        "type_label": "Bus"
      },
      {
        "color": "FF0000",
        "color_name": "red",
        "has_shape": true,
        "id": "1_283",
        "label": "1665",
        "long": "M-166 Sanl\u00facar La Mayor - Sevilla (Por A-49  Laborables)",
        "short": "1665",
        "text_color": "FFFFFF",
        "type_label": "Bus"
      },
      {
        "color": "FF0000",
        "color_name": "red",
        "has_shape": true,
        "id": "1_284",
        "label": "1666",
        "long": "M-166 Sanl\u00facar La Mayor - Sevilla (Por Villanueva Y A-49)",
        "short": "1666",
        "text_color": "FFFFFF",
        "type_label": "Bus"
      },
      {
        "color": "FF0000",
        "color_name": "red",
        "has_shape": true,
        "id": "1_286",
        "label": "1602",
        "long": "M-160 \u00a0Gines - Sevilla",
        "short": "1602",
        "text_color": "FFFFFF",
        "type_label": "Bus"
      },
      {
        "color": "FF0000",
        "color_name": "red",
        "has_shape": true,
        "id": "1_287",
        "label": "1720",
        "long": "M-170A Santiponce - Sevilla",
        "short": "1720",
        "text_color": "FFFFFF",
        "type_label": "Bus"
      },
      {
        "color": "FF0000",
        "color_name": "red",
        "has_shape": true,
        "id": "1_288",
        "label": "1721",
        "long": "M-170A Santiponce - Sevilla (Servicio Express)",
        "short": "1721",
        "text_color": "FFFFFF",
        "type_label": "Bus"
      },
      {
        "color": "FF0000",
        "color_name": "red",
        "has_shape": true,
        "id": "1_289",
        "label": "1722",
        "long": "M-170B  Las Pajanosas (Guillena) - Santiponce - Sevilla",
        "short": "1722",
        "text_color": "FFFFFF",
        "type_label": "Bus"
      },
      {
        "color": "FF0000",
        "color_name": "red",
        "has_shape": true,
        "id": "1_290",
        "label": "1020",
        "long": "M-102A Circular Aljarafe (Sentido A)",
        "short": "1020",
        "text_color": "FFFFFF",
        "type_label": "Bus"
      },
      {
        "color": "FF0000",
        "color_name": "red",
        "has_shape": true,
        "id": "1_291",
        "label": "1023",
        "long": "M-102B Circular Aljarafe (Sentido B)",
        "short": "1023",
        "text_color": "FFFFFF",
        "type_label": "Bus"
      },
      {
        "color": "FF0000",
        "color_name": "red",
        "has_shape": true,
        "id": "1_294",
        "label": "1680",
        "long": "M-168 Umbrete - Benacaz\u00f3n -\u00a0Sevilla (Directo A-49)",
        "short": "1680",
        "text_color": "FFFFFF",
        "type_label": "Bus"
      },
      {
        "color": "FF0000",
        "color_name": "red",
        "has_shape": true,
        "id": "1_295",
        "label": "1681",
        "long": "M-168 Benacaz\u00f3n -\u00a0Sevilla (Por Espartinas)",
        "short": "1681",
        "text_color": "FFFFFF",
        "type_label": "Bus"
      },
      {
        "color": "FF0000",
        "color_name": "red",
        "has_shape": true,
        "id": "1_298",
        "label": "1013",
        "long": "M-101B Circular Bormujos - Mairena - S Juan A - Tomares - Castilleja (Sent B)",
        "short": "1013",
        "text_color": "FFFFFF",
        "type_label": "Bus"
      },
      {
        "color": "FF0000",
        "color_name": "red",
        "has_shape": true,
        "id": "1_299",
        "label": "1401",
        "long": "M-140  Puebla Del R\u00edo -\u00a0Sevilla (Por Pe\u00f1a B\u00e9tica)",
        "short": "1401",
        "text_color": "FFFFFF",
        "type_label": "Bus"
      },
      {
        "color": "FF0000",
        "color_name": "red",
        "has_shape": true,
        "id": "1_300",
        "label": "1411",
        "long": "M-141 Puebla Del R\u00edo -\u00a0Sevilla",
        "short": "1411",
        "text_color": "FFFFFF",
        "type_label": "Bus"
      },
      {
        "color": "FF0000",
        "color_name": "red",
        "has_shape": true,
        "id": "1_301",
        "label": "1421",
        "long": "M-142 Coria Del R\u00edo -\u00a0Sevilla",
        "short": "1421",
        "text_color": "FFFFFF",
        "type_label": "Bus"
      },
      {
        "color": "FF0000",
        "color_name": "red",
        "has_shape": true,
        "id": "1_302",
        "label": "1422",
        "long": "M-142 Puebla Del R\u00edo - Coria Del R\u00edo - Sevilla",
        "short": "1422",
        "text_color": "FFFFFF",
        "type_label": "Bus"
      },
      {
        "color": "FF0000",
        "color_name": "red",
        "has_shape": true,
        "id": "1_303",
        "label": "1423",
        "long": "M-142B Coria Del R\u00edo -\u00a0Sevilla (Recorrido B)",
        "short": "1423",
        "text_color": "FFFFFF",
        "type_label": "Bus"
      },
      {
        "color": "FF0000",
        "color_name": "red",
        "has_shape": true,
        "id": "1_306",
        "label": "1511",
        "long": "M-151 Urb Puebla Del Marques -\u00a0Sevilla",
        "short": "1511",
        "text_color": "FFFFFF",
        "type_label": "Bus"
      },
      {
        "color": "FF0000",
        "color_name": "red",
        "has_shape": true,
        "id": "1_308",
        "label": "1521",
        "long": "M-152 Palomares -\u00a0Sevilla",
        "short": "1521",
        "text_color": "FFFFFF",
        "type_label": "Bus"
      },
      {
        "color": "FF0000",
        "color_name": "red",
        "has_shape": true,
        "id": "1_309",
        "label": "1523",
        "long": "M-152 Coria Del R\u00edo - Palomares - Sevilla (Por Urb Puebl Marqu\u00e9s)",
        "short": "1523",
        "text_color": "FFFFFF",
        "type_label": "Bus"
      },
      {
        "color": "FF0000",
        "color_name": "red",
        "has_shape": true,
        "id": "1_311",
        "label": "1525",
        "long": "M-152 Palomares -\u00a0Sevilla (Por Urb Puebla Del Marqu\u00e9s)",
        "short": "1525",
        "text_color": "FFFFFF",
        "type_label": "Bus"
      },
      {
        "color": "FF0000",
        "color_name": "red",
        "has_shape": true,
        "id": "1_314",
        "label": "1531",
        "long": "M-153 Almensilla -\u00a0Sevilla (Por Palomares)",
        "short": "1531",
        "text_color": "FFFFFF",
        "type_label": "Bus"
      },
      {
        "color": "FF0000",
        "color_name": "red",
        "has_shape": true,
        "id": "1_324",
        "label": "1431",
        "long": "M-143 Isla Mayor - Sevilla",
        "short": "1431",
        "text_color": "FFFFFF",
        "type_label": "Bus"
      },
      {
        "color": "FF0000",
        "color_name": "red",
        "has_shape": true,
        "id": "1_409",
        "label": "1701",
        "long": "M-170A Camas (Bda La Cruz) - Sevilla",
        "short": "1701",
        "text_color": "FFFFFF",
        "type_label": "Bus"
      },
      {
        "color": "FF0000",
        "color_name": "red",
        "has_shape": true,
        "id": "1_414",
        "label": "1731",
        "long": "M-173 Circular Camas - Castilleja De La Cuesta",
        "short": "1731",
        "text_color": "FFFFFF",
        "type_label": "Bus"
      },
      {
        "color": "FF0000",
        "color_name": "red",
        "has_shape": true,
        "id": "1_416",
        "label": "1322",
        "long": "M-132B Dos Hermanas (Por Pol La Isla  Crown Y Copero) - Fuente Del Rey - Sevilla",
        "short": "1322",
        "text_color": "FFFFFF",
        "type_label": "Bus"
      },
      {
        "color": "FF0000",
        "color_name": "red",
        "has_shape": true,
        "id": "1_417",
        "label": "1341",
        "long": "M-134 Los Palacios -\u00a0Sevilla (Directo Por A-4)",
        "short": "1341",
        "text_color": "FFFFFF",
        "type_label": "Bus"
      },
      {
        "color": "FF0000",
        "color_name": "red",
        "has_shape": true,
        "id": "1_419",
        "label": "1572",
        "long": "M-157 Bollullos De La Mitaci\u00f3n - Sevilla (Por Hospital De Bormujos Y Tomares)",
        "short": "1572",
        "text_color": "FFFFFF",
        "type_label": "Bus"
      },
      {
        "color": "FF0000",
        "color_name": "red",
        "has_shape": true,
        "id": "1_420",
        "label": "1581",
        "long": "M-158 Bollullos De La Mitaci\u00f3n - Sevilla (Por El Barrero  Bormujos)",
        "short": "1581",
        "text_color": "FFFFFF",
        "type_label": "Bus"
      },
      {
        "color": "FF0000",
        "color_name": "red",
        "has_shape": true,
        "id": "1_421",
        "label": "1693",
        "long": "M-169 Villamanrique - Sevilla (Directo  A-49)",
        "short": "1693",
        "text_color": "FFFFFF",
        "type_label": "Bus"
      },
      {
        "color": "FF0000",
        "color_name": "red",
        "has_shape": true,
        "id": "1_422",
        "label": "1762",
        "long": "M-176 Aznalc\u00f3llar - Gerena - Pi Los Girasoles - Camas -  Sevilla",
        "short": "1762",
        "text_color": "FFFFFF",
        "type_label": "Bus"
      },
      {
        "color": "FF0000",
        "color_name": "red",
        "has_shape": true,
        "id": "1_423",
        "label": "1763",
        "long": "M-176 Aznalc\u00f3llar - Gerena - Sevilla (Directo)",
        "short": "1763",
        "text_color": "FFFFFF",
        "type_label": "Bus"
      },
      {
        "color": "FF0000",
        "color_name": "red",
        "has_shape": true,
        "id": "1_424",
        "label": "1772",
        "long": "M-177 Guillena - Pi Los Girasoles - Camas - Sevilla",
        "short": "1772",
        "text_color": "FFFFFF",
        "type_label": "Bus"
      },
      {
        "color": "FF0000",
        "color_name": "red",
        "has_shape": true,
        "id": "1_425",
        "label": "1773",
        "long": "M-177 Torre De La Reina - Guillena - Camas - Sevilla",
        "short": "1773",
        "text_color": "FFFFFF",
        "type_label": "Bus"
      },
      {
        "color": "FF0000",
        "color_name": "red",
        "has_shape": true,
        "id": "1_426",
        "label": "1774",
        "long": "M-177 Torre De La Reina - Guillena -  Sevilla",
        "short": "1774",
        "text_color": "FFFFFF",
        "type_label": "Bus"
      },
      {
        "color": "FF0000",
        "color_name": "red",
        "has_shape": true,
        "id": "1_427",
        "label": "1775",
        "long": "M-177 Guillena - Camas - Sevilla (Sin Parada En Torre De La Reina)",
        "short": "1775",
        "text_color": "FFFFFF",
        "type_label": "Bus"
      },
      {
        "color": "FF0000",
        "color_name": "red",
        "has_shape": true,
        "id": "1_428",
        "label": "1776",
        "long": "M-177 Guillena - Sevilla (Directo)",
        "short": "1776",
        "text_color": "FFFFFF",
        "type_label": "Bus"
      },
      {
        "color": "FF0000",
        "color_name": "red",
        "has_shape": true,
        "id": "1_429",
        "label": "1302",
        "long": "M-130B Montequinto - Sevilla (Por Olivar De Quintos)",
        "short": "1302",
        "text_color": "FFFFFF",
        "type_label": "Bus"
      },
      {
        "color": "FF0000",
        "color_name": "red",
        "has_shape": true,
        "id": "1_432",
        "label": "1305",
        "long": "M-130B Montequinto - Sevilla (Por Olivar De Quintos  Sin Parada En Upo)",
        "short": "1305",
        "text_color": "FFFFFF",
        "type_label": "Bus"
      },
      {
        "color": "FF0000",
        "color_name": "red",
        "has_shape": true,
        "id": "1_434",
        "label": "1307",
        "long": "M-130A \u00a0Montequinto - Sevilla (Sin Parada En Upo)",
        "short": "1307",
        "text_color": "FFFFFF",
        "type_label": "Bus"
      },
      {
        "color": "FF0000",
        "color_name": "red",
        "has_shape": true,
        "id": "1_436",
        "label": "1051",
        "long": "M-105 Mairena Del Aljarafe (Cexpo) - Bormujos - Salteras",
        "short": "1051",
        "text_color": "FFFFFF",
        "type_label": "Bus"
      },
      {
        "color": "FF0000",
        "color_name": "red",
        "has_shape": true,
        "id": "1_438",
        "label": "1211",
        "long": "M-121 \u00a0Alcal\u00e1 De Guada\u00edra - Sevilla (Parada En Goya Y Hda Dolores)",
        "short": "1211",
        "text_color": "FFFFFF",
        "type_label": "Bus"
      },
      {
        "color": "FF0000",
        "color_name": "red",
        "has_shape": true,
        "id": "1_441",
        "label": "1674",
        "long": "M-167 Villanueva (Desde Cuatro Caminos)-Sevilla (Por A-49)",
        "short": "1674",
        "text_color": "FFFFFF",
        "type_label": "Bus"
      },
      {
        "color": "FF0000",
        "color_name": "red",
        "has_shape": true,
        "id": "1_442",
        "label": "1611",
        "long": "M-161 Circular Sevilla - Tomares (Por Rtda Canal Sur)",
        "short": "1611",
        "text_color": "FFFFFF",
        "type_label": "Bus"
      },
      {
        "color": "FF0000",
        "color_name": "red",
        "has_shape": true,
        "id": "1_446",
        "label": "1552",
        "long": "M-155 Almensilla -\u00a0Sevilla",
        "short": "1552",
        "text_color": "FFFFFF",
        "type_label": "Bus"
      },
      {
        "color": "FF0000",
        "color_name": "red",
        "has_shape": true,
        "id": "1_448",
        "label": "1432",
        "long": "M-143 Isla Mayor - Sevilla (Sab  Dom Y Fest)",
        "short": "1432",
        "text_color": "FFFFFF",
        "type_label": "Bus"
      },
      {
        "color": "FF0000",
        "color_name": "red",
        "has_shape": true,
        "id": "1_460",
        "label": "1243",
        "long": "M-124 Carmona - Sevilla (Directo)",
        "short": "1243",
        "text_color": "FFFFFF",
        "type_label": "Bus"
      },
      {
        "color": "FF0000",
        "color_name": "red",
        "has_shape": true,
        "id": "1_461",
        "label": "1244",
        "long": "M-124 Carmona - Sevilla (Por Aer\u00f3polis)",
        "short": "1244",
        "text_color": "FFFFFF",
        "type_label": "Bus"
      },
      {
        "color": "FF0000",
        "color_name": "red",
        "has_shape": true,
        "id": "1_466",
        "label": "1060",
        "long": "M-106  Carmona - El Viso - Mairena Del Alcor - Alcal\u00e1 De Guada\u00edra (Por M Pineda)",
        "short": "1060",
        "text_color": "FFFFFF",
        "type_label": "Bus"
      },
      {
        "color": "FF0000",
        "color_name": "red",
        "has_shape": true,
        "id": "1_467",
        "label": "1212",
        "long": "M-121  Sevilla - Alcal\u00e1 De Guada\u00edra (Vuelta  Salida Est Prado Ss)",
        "short": "1212",
        "text_color": "FFFFFF",
        "type_label": "Bus"
      },
      {
        "color": "FF0000",
        "color_name": "red",
        "has_shape": true,
        "id": "1_468",
        "label": "1213",
        "long": "M-121 \u00a0Alcal\u00e1 De Guada\u00edra - Sevilla (Nocturno-S\u00e1bados)",
        "short": "1213",
        "text_color": "FFFFFF",
        "type_label": "Bus"
      },
      {
        "color": "FF0000",
        "color_name": "red",
        "has_shape": true,
        "id": "1_474",
        "label": "1535",
        "long": "M-153  Almensilla - Sevilla (Por Palomares Y Urb Puebla Del Marqu\u00e9s)",
        "short": "1535",
        "text_color": "FFFFFF",
        "type_label": "Bus"
      },
      {
        "color": "FF0000",
        "color_name": "red",
        "has_shape": true,
        "id": "1_475",
        "label": "1546",
        "long": "M-154  Circular Sevilla - San Juan - Mairena - Tomares - Sevilla",
        "short": "1546",
        "text_color": "FFFFFF",
        "type_label": "Bus"
      },
      {
        "color": "FF0000",
        "color_name": "red",
        "has_shape": true,
        "id": "1_489",
        "label": "1070",
        "long": "M-107 Aznalc\u00f3llar - Bormujos (Hptal) (Servicio A La Demanda Abascal)",
        "short": "1070",
        "text_color": "FFFFFF",
        "type_label": "Bus"
      },
      {
        "color": "FF0000",
        "color_name": "red",
        "has_shape": true,
        "id": "1_490",
        "label": "1071",
        "long": "M-107 Aznalc\u00f3llar - Bormujos (Hptal) (Servicio A La Demanda Damas)",
        "short": "1071",
        "text_color": "FFFFFF",
        "type_label": "Bus"
      },
      {
        "color": "FF0000",
        "color_name": "red",
        "has_shape": true,
        "id": "1_492",
        "label": "1072",
        "long": "M-107 Aznalc\u00f3llar - Bormujos (Hptal) (Servicio A La Demanda)",
        "short": "1072",
        "text_color": "FFFFFF",
        "type_label": "Bus"
      },
      {
        "color": "FF0000",
        "color_name": "red",
        "has_shape": true,
        "id": "1_493",
        "label": "1759",
        "long": "M-175 Refuerzo Apeadero Camas - Sevilla",
        "short": "1759",
        "text_color": "FFFFFF",
        "type_label": "Bus"
      },
      {
        "color": "FF0000",
        "color_name": "red",
        "has_shape": true,
        "id": "1_496",
        "label": "1080",
        "long": "M-108A Circular San Juan De Aznalfarache - Tomares (Sent.A)",
        "short": "1080",
        "text_color": "FFFFFF",
        "type_label": "Bus"
      },
      {
        "color": "FF0000",
        "color_name": "red",
        "has_shape": true,
        "id": "1_498",
        "label": "1245",
        "long": "M-124 El Corzo  La Celada (Carmona) - Sevilla (Servicio A Demanda)",
        "short": "1245",
        "text_color": "FFFFFF",
        "type_label": "Bus"
      },
      {
        "color": "FF0000",
        "color_name": "red",
        "has_shape": true,
        "id": "1_499",
        "label": "1694",
        "long": "M-169B Villamanrique - Sanl\u00facar La Mayor (Servicio A Demanda)",
        "short": "1694",
        "text_color": "FFFFFF",
        "type_label": "Bus"
      },
      {
        "color": "FF0000",
        "color_name": "red",
        "has_shape": true,
        "id": "1_500",
        "label": "1342",
        "long": "M-134 Parcial Los Palacios - Hptal Tomillar",
        "short": "1342",
        "text_color": "FFFFFF",
        "type_label": "Bus"
      },
      {
        "color": "FF0000",
        "color_name": "red",
        "has_shape": true,
        "id": "1_501",
        "label": "1231",
        "long": "M-123B Alcal\u00e1 De Guada\u00edra - Univ Pablo De Olavide (Upo)",
        "short": "1231",
        "text_color": "FFFFFF",
        "type_label": "Bus"
      },
      {
        "color": "FF0000",
        "color_name": "red",
        "has_shape": true,
        "id": "1_502",
        "label": "1733",
        "long": "M-173B Camas - San Juan De Aznalfarache (Metro S Juan Bajo)",
        "short": "1733",
        "text_color": "FFFFFF",
        "type_label": "Bus"
      },
      {
        "color": "FF0000",
        "color_name": "red",
        "has_shape": true,
        "id": "1_504",
        "label": "1081",
        "long": "M-108B Circular San Juan De Aznalfarache - Tomares (Sent.B)",
        "short": "1081",
        "text_color": "FFFFFF",
        "type_label": "Bus"
      },
      {
        "color": "FF0000",
        "color_name": "red",
        "has_shape": true,
        "id": "1_542",
        "label": "1090",
        "long": "M-109 Bormujos - Mairena Del Aljarafe (Metro C.Expo)",
        "short": "1090",
        "text_color": "FFFFFF",
        "type_label": "Bus"
      },
      {
        "color": "00FFFF",
        "color_name": "teal",
        "has_shape": true,
        "id": "2_10",
        "label": "M-032",
        "long": "C\u00e1diz-R\u00edo San Pedro-Puerto Real (512 Viviendas)",
        "short": "M-032",
        "text_color": "FFFFFF",
        "type_label": "Bus"
      },
      {
        "color": "99CC00",
        "color_name": "yellow",
        "has_shape": true,
        "id": "2_11",
        "label": "M-033",
        "long": "C\u00e1diz-Puerto Real (Directo)",
        "short": "M-033",
        "text_color": "FFFFFF",
        "type_label": "Bus"
      },
      {
        "color": "9933CC",
        "color_name": "purple",
        "has_shape": true,
        "id": "2_12",
        "label": "M-034",
        "long": "C\u00e1diz-Hospital De Puerto Real (Por Autov\u00eda)",
        "short": "M-034",
        "text_color": "FFFFFF",
        "type_label": "Bus"
      },
      {
        "color": "9933FF",
        "color_name": "purple",
        "has_shape": true,
        "id": "2_13",
        "label": "M-040",
        "long": "C\u00e1diz-El Puerto De Santa Mar\u00eda (Directo)",
        "short": "M-040",
        "text_color": "FFFFFF",
        "type_label": "Bus"
      },
      {
        "color": "FF0000",
        "color_name": "red",
        "has_shape": true,
        "id": "2_14",
        "label": "M-041",
        "long": "C\u00e1diz-El Puerto De Santa Mar\u00eda (Por R\u00edo San Pedro Y Campus Universitario De Puerto Real)",
        "short": "M-041",
        "text_color": "FFFFFF",
        "type_label": "Bus"
      },
      {
        "color": "33FF00",
        "color_name": "green",
        "has_shape": true,
        "id": "2_15",
        "label": "B-042",
        "long": "C\u00e1diz-El Puerto De Santa Mar\u00eda",
        "short": "B-042",
        "text_color": "FFFFFF",
        "type_label": "Ferry"
      },
      {
        "color": "FF0000",
        "color_name": "red",
        "has_shape": true,
        "id": "2_155",
        "label": "M-250",
        "long": "Conil-Jerez (La L\u00ednea-Sevilla)",
        "short": "M-250",
        "text_color": "FFFFFF",
        "type_label": "Bus"
      },
      {
        "color": "0000FF",
        "color_name": "blue",
        "has_shape": true,
        "id": "2_156",
        "label": "M-251",
        "long": "Conil-Jerez (Atlanterra-Sevilla)",
        "short": "M-251",
        "text_color": "FFFFFF",
        "type_label": "Bus"
      },
      {
        "color": "00CC33",
        "color_name": "green",
        "has_shape": true,
        "id": "2_157",
        "label": "M-260",
        "long": "Conil-Rota (Algeciras)",
        "short": "M-260",
        "text_color": "FFFFFF",
        "type_label": "Bus"
      },
      {
        "color": "FF33CC",
        "color_name": "pink",
        "has_shape": true,
        "id": "2_16",
        "label": "M-050",
        "long": "C\u00e1diz-Jerez De La Frontera (Directo)",
        "short": "M-050",
        "text_color": "FFFFFF",
        "type_label": "Bus"
      },
      {
        "color": "0033FF",
        "color_name": "blue",
        "has_shape": true,
        "id": "2_163",
        "label": "M-960",
        "long": "Chipiona-Sanl\u00facar De Barrameda-C\u00e1diz (Por Puerto Real Y Campus)",
        "short": "M-960",
        "text_color": "FFFFFF",
        "type_label": "Bus"
      },
      {
        "color": "9900FF",
        "color_name": "purple",
        "has_shape": true,
        "id": "2_164",
        "label": "M-961",
        "long": "Chipiona-Sanl\u00facar De Barrameda-El Puerto De Santa Mar\u00eda-C\u00e1diz",
        "short": "M-961",
        "text_color": "FFFFFF",
        "type_label": "Bus"
      },
      {
        "color": "FF0000",
        "color_name": "red",
        "has_shape": true,
        "id": "2_165",
        "label": "M-962",
        "long": "Chipiona-Sanl\u00facar De Barrameda-San Fernando (Por Puerto Real Y Hospital)",
        "short": "M-962",
        "text_color": "FFFFFF",
        "type_label": "Bus"
      },
      {
        "color": "009933",
        "color_name": "green",
        "has_shape": true,
        "id": "2_166",
        "label": "M-963",
        "long": "Chipiona-Sanl\u00facar De Barrameda-Jerez De La Frontera",
        "short": "M-963",
        "text_color": "FFFFFF",
        "type_label": "Bus"
      },
      {
        "color": "CC66CC",
        "color_name": "pink",
        "has_shape": true,
        "id": "2_167",
        "label": "M-964",
        "long": "Chipiona-Sanl\u00facar De Barrameda-Jerez De La Frontera (Por Hospital)",
        "short": "M-964",
        "text_color": "FFFFFF",
        "type_label": "Bus"
      },
      {
        "color": "00FF99",
        "color_name": "teal",
        "has_shape": true,
        "id": "2_168",
        "label": "M-970",
        "long": "Sanl\u00facar De Barrameda-Jerez De La Frontera",
        "short": "M-970",
        "text_color": "FFFFFF",
        "type_label": "Bus"
      },
      {
        "color": "0066FF",
        "color_name": "blue",
        "has_shape": true,
        "id": "2_169",
        "label": "M-971",
        "long": "Sanl\u00facar De Barrameda-Jerez De La Frontera (Por Hospital)",
        "short": "M-971",
        "text_color": "FFFFFF",
        "type_label": "Bus"
      },
      {
        "color": "0000FF",
        "color_name": "blue",
        "has_shape": true,
        "id": "2_17",
        "label": "M-051",
        "long": "C\u00e1diz-Jerez De La Frontera (Por El Puerto De Santa Mar\u00eda)",
        "short": "M-051",
        "text_color": "FFFFFF",
        "type_label": "Bus"
      },
      {
        "color": "FF33CC",
        "color_name": "pink",
        "has_shape": true,
        "id": "2_170",
        "label": "M-972",
        "long": "Sanl\u00facar De Barrameda-Campus De Jerez",
        "short": "M-972",
        "text_color": "FFFFFF",
        "type_label": "Bus"
      },
      {
        "color": "FF0000",
        "color_name": "red",
        "has_shape": true,
        "id": "2_172",
        "label": "M-561",
        "long": "Costa Ballena-Chipiona-Sanl\u00facar-Jerez",
        "short": "M-561",
        "text_color": "FFFFFF",
        "type_label": "Bus"
      },
      {
        "color": "00FF00",
        "color_name": "green",
        "has_shape": true,
        "id": "2_173",
        "label": "M-562",
        "long": "Costa Ballena-Chipiona-Jerez De La Frontera",
        "short": "M-562",
        "text_color": "FFFFFF",
        "type_label": "Bus"
      },
      {
        "color": "FF0000",
        "color_name": "red",
        "has_shape": true,
        "id": "2_175",
        "label": "M-953",
        "long": "Arcos De La Frontera-Jerez De La Frontera (Ubrique)",
        "short": "M-953",
        "text_color": "FFFFFF",
        "type_label": "Bus"
      },
      {
        "color": "FF0000",
        "color_name": "red",
        "has_shape": true,
        "id": "2_177",
        "label": "M-053",
        "long": "C\u00e1diz-Jerez De La Frontera (Por Hospital De Jerez)",
        "short": "M-053",
        "text_color": "FFFFFF",
        "type_label": "Bus"
      },
      {
        "color": "FF33CC",
        "color_name": "pink",
        "has_shape": true,
        "id": "2_18",
        "label": "M-052",
        "long": "C\u00e1diz-Jerez De La Frontera (Por Campus Universitario De Puerto Real Y El Puerto De Santa Mar\u00eda)",
        "short": "M-052",
        "text_color": "FFFFFF",
        "type_label": "Bus"
      },
      {
        "color": "33FF00",
        "color_name": "green",
        "has_shape": true,
        "id": "2_19",
        "label": "M-060",
        "long": "C\u00e1diz-El Puerto De Santa Mar\u00eda-Rota (Por Costa Oeste)",
        "short": "M-060",
        "text_color": "FFFFFF",
        "type_label": "Bus"
      },
      {
        "color": "0000FF",
        "color_name": "blue",
        "has_shape": true,
        "id": "2_2",
        "label": "M-010",
        "long": "C\u00e1diz-San Fernando Norte (Por Le\u00f3n Herrero)",
        "short": "M-010",
        "text_color": "FFFFFF",
        "type_label": "Bus"
      },
      {
        "color": "00CCCC",
        "color_name": "teal",
        "has_shape": true,
        "id": "2_20",
        "label": "M-061",
        "long": "C\u00e1diz-El Puerto De Santa Mar\u00eda-Rota (Por R\u00edo San Pedro  Campus De Puerto Real Y Costa Oeste)",
        "short": "M-061",
        "text_color": "FFFFFF",
        "type_label": "Bus"
      },
      {
        "color": "9999CC",
        "color_name": "gray",
        "has_shape": true,
        "id": "2_21",
        "label": "M-062",
        "long": "C\u00e1diz-El Puerto De Santa Mar\u00eda-Rota",
        "short": "M-062",
        "text_color": "FFFFFF",
        "type_label": "Bus"
      },
      {
        "color": "FF0000",
        "color_name": "red",
        "has_shape": true,
        "id": "2_211",
        "label": "M-564",
        "long": "Costa Ballena-Jerez De La Frontera (Directo)",
        "short": "M-564",
        "text_color": "FFFFFF",
        "type_label": "Bus"
      },
      {
        "color": "FF0000",
        "color_name": "red",
        "has_shape": true,
        "id": "2_219",
        "label": "M-966",
        "long": "Chipiona-Costa Ballena-Rota",
        "short": "M-966",
        "text_color": "FFFFFF",
        "type_label": "Bus"
      },
      {
        "color": "33FF00",
        "color_name": "green",
        "has_shape": true,
        "id": "2_22",
        "label": "B-065",
        "long": "C\u00e1diz-Rota",
        "short": "B-065",
        "text_color": "FFFFFF",
        "type_label": "Ferry"
      },
      {
        "color": "FF0000",
        "color_name": "red",
        "has_shape": true,
        "id": "2_220",
        "label": "M-035",
        "long": "C\u00e1diz-Escuela De Ingenier\u00eda",
        "short": "M-035",
        "text_color": "FFFFFF",
        "type_label": "Bus"
      },
      {
        "color": "FF00FF",
        "color_name": "pink",
        "has_shape": true,
        "id": "2_221",
        "label": "M-231",
        "long": "Chiclana De La Frontera-Campus Universitario De Puerto Real",
        "short": "M-231",
        "text_color": "FFFFFF",
        "type_label": "Bus"
      },
      {
        "color": "0000FF",
        "color_name": "blue",
        "has_shape": true,
        "id": "2_222",
        "label": "M-330",
        "long": "Puerto Real-Escuela De Ingenier\u00eda",
        "short": "M-330",
        "text_color": "FFFFFF",
        "type_label": "Bus"
      },
      {
        "color": "CC6666",
        "color_name": "pink",
        "has_shape": true,
        "id": "2_223",
        "label": "M-351",
        "long": "Jerez De La Frontera-Campus Universitario De Puerto Real  (Por Cuatro Caminos)",
        "short": "M-351",
        "text_color": "FFFFFF",
        "type_label": "Bus"
      },
      {
        "color": "00FF00",
        "color_name": "green",
        "has_shape": true,
        "id": "2_224",
        "label": "M-352",
        "long": "Jerez De La Frontera-Campus Universitario De Puerto Real (Por El Puerto De Santa Mar\u00eda)",
        "short": "M-352",
        "text_color": "FFFFFF",
        "type_label": "Bus"
      },
      {
        "color": "FF0000",
        "color_name": "red",
        "has_shape": true,
        "id": "2_225",
        "label": "M-967",
        "long": "Chipiona-Sanl\u00facar De Barrameda-C\u00e1diz  (Por Campus De Puerto Real)",
        "short": "M-967",
        "text_color": "FFFFFF",
        "type_label": "Bus"
      },
      {
        "color": "0000FF",
        "color_name": "blue",
        "has_shape": true,
        "id": "2_226",
        "label": "M-340",
        "long": "El Puerto De Santa Mar\u00eda-Campus Universitario De Puerto Real",
        "short": "M-340",
        "text_color": "FFFFFF",
        "type_label": "Bus"
      },
      {
        "color": "CC0000",
        "color_name": "red",
        "has_shape": true,
        "id": "2_23",
        "label": "M-130",
        "long": "San Fernando-Campus Universitario",
        "short": "M-130",
        "text_color": "FFFFFF",
        "type_label": "Bus"
      },
      {
        "color": "0000FF",
        "color_name": "blue",
        "has_shape": true,
        "id": "2_230",
        "label": "M-965",
        "long": "Chipiona-Sanl\u00facar De Barrameda (Sevilla/Utrera)",
        "short": "M-965",
        "text_color": "FFFFFF",
        "type_label": "Bus"
      },
      {
        "color": "FF00FF",
        "color_name": "pink",
        "has_shape": true,
        "id": "2_231",
        "label": "M-974",
        "long": "Costa Ballena-Chipiona-Sanl\u00facar De Barrameda (Sevilla)",
        "short": "M-974",
        "text_color": "FFFFFF",
        "type_label": "Bus"
      },
      {
        "color": "FF0000",
        "color_name": "red",
        "has_shape": true,
        "id": "2_234",
        "label": "M-911",
        "long": "C\u00e1diz-Conil-Barbate (Por La Barca/Por Los Ca\u00f1os)",
        "short": "M-911",
        "text_color": "FFFFFF",
        "type_label": "Bus"
      },
      {
        "color": "FF00FF",
        "color_name": "pink",
        "has_shape": true,
        "id": "2_235",
        "label": "M-912",
        "long": "C\u00e1diz-Conil-Atlanterra (Por Vejer/Por Los Ca\u00f1os)",
        "short": "M-912",
        "text_color": "FFFFFF",
        "type_label": "Bus"
      },
      {
        "color": "0000FF",
        "color_name": "blue",
        "has_shape": true,
        "id": "2_236",
        "label": "M-913",
        "long": "C\u00e1diz-Conil-Barbate Por Hospital",
        "short": "M-913",
        "text_color": "FFFFFF",
        "type_label": "Bus"
      },
      {
        "color": "FF0000",
        "color_name": "red",
        "has_shape": true,
        "id": "2_237",
        "label": "M-914",
        "long": "C\u00e1diz-Conil-Ca\u00f1os De Meca",
        "short": "M-914",
        "text_color": "FFFFFF",
        "type_label": "Bus"
      },
      {
        "color": "FF0000",
        "color_name": "red",
        "has_shape": true,
        "id": "2_239",
        "label": "M-036",
        "long": "C\u00e1diz-Puerto Real (Por Ca-35)",
        "short": "M-036",
        "text_color": "FFFFFF",
        "type_label": "Bus"
      },
      {
        "color": "0000FF",
        "color_name": "blue",
        "has_shape": true,
        "id": "2_240",
        "label": "M-037",
        "long": "C\u00e1diz-Campus De Puerto Real (Por Ca-35)",
        "short": "M-037",
        "text_color": "FFFFFF",
        "type_label": "Bus"
      },
      {
        "color": "FF9999",
        "color_name": "pink",
        "has_shape": true,
        "id": "2_26",
        "label": "M-230",
        "long": "Chiclana De La Frontera-Hospital De Puerto Real (Por Marquesado)",
        "short": "M-230",
        "text_color": "FFFFFF",
        "type_label": "Bus"
      },
      {
        "color": "FF0000",
        "color_name": "red",
        "has_shape": true,
        "id": "2_267",
        "label": "M-038",
        "long": "C\u00e1diz-Puerto Real (Por Av. Constituci\u00f3n De 1812 Y Ca-35)",
        "short": "M-038",
        "text_color": "FFFFFF",
        "type_label": "Bus"
      },
      {
        "color": "3333FF",
        "color_name": "blue",
        "has_shape": true,
        "id": "2_27",
        "label": "M-350",
        "long": "Jerez De La Frontera-Campus Universitario De Puerto Real",
        "short": "M-350",
        "text_color": "FFFFFF",
        "type_label": "Bus"
      },
      {
        "color": "FF6666",
        "color_name": "pink",
        "has_shape": true,
        "id": "2_28",
        "label": "M-360",
        "long": "Rota-Costa Oeste-El Puerto De Santa Mar\u00eda-Hospital De Puerto Real",
        "short": "M-360",
        "text_color": "FFFFFF",
        "type_label": "Bus"
      },
      {
        "color": "FF0033",
        "color_name": "red",
        "has_shape": true,
        "id": "2_3",
        "label": "M-011",
        "long": "C\u00e1diz-San Fernando Sur (Por Camposoto Y San Marcos)",
        "short": "M-011",
        "text_color": "FFFFFF",
        "type_label": "Bus"
      },
      {
        "color": "00FF33",
        "color_name": "green",
        "has_shape": true,
        "id": "2_32",
        "label": "M-560",
        "long": "Rota-Jerez De La Frontera",
        "short": "M-560",
        "text_color": "FFFFFF",
        "type_label": "Bus"
      },
      {
        "color": "0000FF",
        "color_name": "blue",
        "has_shape": true,
        "id": "2_36",
        "label": "M-902",
        "long": "C\u00e1diz-El Puerto De Santa Mar\u00eda-Jerez De La Frontera-Arcos De La Frontera (Ronda)",
        "short": "M-902",
        "text_color": "FFFFFF",
        "type_label": "Bus"
      },
      {
        "color": "0066FF",
        "color_name": "blue",
        "has_shape": true,
        "id": "2_38",
        "label": "M-904",
        "long": "C\u00e1diz-El Puerto De Santa Mar\u00eda-Jerez-Arcos De La Frontera (Alcal\u00e1 Del Valle)",
        "short": "M-904",
        "text_color": "FFFFFF",
        "type_label": "Bus"
      },
      {
        "color": "0000FF",
        "color_name": "blue",
        "has_shape": true,
        "id": "2_39",
        "label": "M-905",
        "long": "Rota-Jerez De La Frontera (Sevilla)",
        "short": "M-905",
        "text_color": "FFFFFF",
        "type_label": "Bus"
      },
      {
        "color": "00FF99",
        "color_name": "teal",
        "has_shape": true,
        "id": "2_4",
        "label": "M-020",
        "long": "C\u00e1diz-Chiclana De La Frontera",
        "short": "M-020",
        "text_color": "FFFFFF",
        "type_label": "Bus"
      },
      {
        "color": "99FF99",
        "color_name": "white",
        "has_shape": true,
        "id": "2_41",
        "label": "M-940",
        "long": "Medina-Chiclana-San Fernando-C\u00e1diz (Alcal\u00e1 De Los Gazules)",
        "short": "M-940",
        "text_color": "FFFFFF",
        "type_label": "Bus"
      },
      {
        "color": "FF0000",
        "color_name": "red",
        "has_shape": true,
        "id": "2_43",
        "label": "M-942",
        "long": "Medina-Chiclana-Hospital-Puerto Real-C\u00e1diz",
        "short": "M-942",
        "text_color": "FFFFFF",
        "type_label": "Bus"
      },
      {
        "color": "996699",
        "color_name": "purple",
        "has_shape": true,
        "id": "2_44",
        "label": "M-943",
        "long": "Medina-Hospital-Puerto Real-C\u00e1diz (Benal\u00fap Y Paterna)",
        "short": "M-943",
        "text_color": "FFFFFF",
        "type_label": "Bus"
      },
      {
        "color": "FF0000",
        "color_name": "red",
        "has_shape": true,
        "id": "2_46",
        "label": "M-945",
        "long": "Medina-Jerez De La Frontera",
        "short": "M-945",
        "text_color": "FFFFFF",
        "type_label": "Bus"
      },
      {
        "color": "FF00FF",
        "color_name": "pink",
        "has_shape": true,
        "id": "2_48",
        "label": "M-947",
        "long": "Medina-Chiclana De La Frontera",
        "short": "M-947",
        "text_color": "FFFFFF",
        "type_label": "Bus"
      },
      {
        "color": "9999CC",
        "color_name": "gray",
        "has_shape": true,
        "id": "2_49",
        "label": "M-950",
        "long": "Arcos De La Frontera-C\u00e1diz (Ubrique)",
        "short": "M-950",
        "text_color": "FFFFFF",
        "type_label": "Bus"
      },
      {
        "color": "669966",
        "color_name": "gray",
        "has_shape": true,
        "id": "2_5",
        "label": "M-021",
        "long": "C\u00e1diz-Cementerio Mancomunado",
        "short": "M-021",
        "text_color": "FFFFFF",
        "type_label": "Bus"
      },
      {
        "color": "FF00FF",
        "color_name": "pink",
        "has_shape": true,
        "id": "2_50",
        "label": "M-951",
        "long": "Arcos De La Frontera-Jerez De La Frontera",
        "short": "M-951",
        "text_color": "FFFFFF",
        "type_label": "Bus"
      },
      {
        "color": "6699CC",
        "color_name": "gray",
        "has_shape": true,
        "id": "2_51",
        "label": "M-952",
        "long": "Arcos De La Frontera-Jerez De La Frontera (Villamart\u00edn)",
        "short": "M-952",
        "text_color": "FFFFFF",
        "type_label": "Bus"
      },
      {
        "color": "33FF00",
        "color_name": "green",
        "has_shape": true,
        "id": "2_54",
        "label": "M-955",
        "long": "Arcos De La Frontera - Jerez De La Frontera (M\u00e1laga)",
        "short": "M-955",
        "text_color": "FFFFFF",
        "type_label": "Bus"
      },
      {
        "color": "00FF99",
        "color_name": "teal",
        "has_shape": true,
        "id": "2_6",
        "label": "M-030",
        "long": "C\u00e1diz-R\u00edo San Pedro-Campus Universitario-Puerto Real-Hospital",
        "short": "M-030",
        "text_color": "FFFFFF",
        "type_label": "Bus"
      },
      {
        "color": "FF6600",
        "color_name": "orange",
        "has_shape": true,
        "id": "2_7",
        "label": "M-120",
        "long": "Chiclana-San Fernando",
        "short": "M-120",
        "text_color": "FFFFFF",
        "type_label": "Bus"
      },
      {
        "color": "FF66CC",
        "color_name": "pink",
        "has_shape": true,
        "id": "2_9",
        "label": "M-031",
        "long": "C\u00e1diz-R\u00edo San Pedro-Campus Universitario-Puerto Real",
        "short": "M-031",
        "text_color": "FFFFFF",
        "type_label": "Bus"
      },
      {
        "color": "FF0000",
        "color_name": "red",
        "has_shape": true,
        "id": "3_1027",
        "label": "0323",
        "long": "Granada - Olivares - Tiena - Mocl\u00edn - T\u00f3zar - Limones",
        "short": "0323",
        "text_color": "FFFFFF",
        "type_label": "Bus"
      },
      {
        "color": "FF0000",
        "color_name": "red",
        "has_shape": true,
        "id": "3_1029",
        "label": "0325",
        "long": "Granada-P.Puente-Zujaira-Ob\u00e9ilar-Illora-Alomartes-Bracana-Toc\u00f3n",
        "short": "0325",
        "text_color": "FFFFFF",
        "type_label": "Bus"
      },
      {
        "color": "FF0000",
        "color_name": "red",
        "has_shape": true,
        "id": "3_1032",
        "label": "0117",
        "long": "Granada - P.Cubillas",
        "short": "0117",
        "text_color": "FFFFFF",
        "type_label": "Bus"
      },
      {
        "color": "FF0000",
        "color_name": "red",
        "has_shape": true,
        "id": "3_1035",
        "label": "0123",
        "long": "Granada - P.Juncaril - Albolote (Ctra.Ja\u00e9n)",
        "short": "0123",
        "text_color": "FFFFFF",
        "type_label": "Bus"
      },
      {
        "color": "FF0000",
        "color_name": "red",
        "has_shape": true,
        "id": "3_1036",
        "label": "0215",
        "long": "Granada - Deifontes",
        "short": "0215",
        "text_color": "FFFFFF",
        "type_label": "Bus"
      },
      {
        "color": "FF0000",
        "color_name": "red",
        "has_shape": true,
        "id": "3_1042",
        "label": "0154",
        "long": "Granada-V. Del Genil (Directo)",
        "short": "0154",
        "text_color": "FFFFFF",
        "type_label": "Bus"
      },
      {
        "color": "FF0000",
        "color_name": "red",
        "has_shape": true,
        "id": "3_1047",
        "label": "0160",
        "long": "Granada - Alhend\u00edn - Otura",
        "short": "0160",
        "text_color": "FFFFFF",
        "type_label": "Bus"
      },
      {
        "color": "FF0000",
        "color_name": "red",
        "has_shape": true,
        "id": "3_1048",
        "label": "0360",
        "long": "Granada - Alhend\u00edn - Padul - Marchena - Durcal - Nig\u00fcelas - Talar\u00e1",
        "short": "0360",
        "text_color": "FFFFFF",
        "type_label": "Bus"
      },
      {
        "color": "FF0000",
        "color_name": "red",
        "has_shape": true,
        "id": "3_1049",
        "label": "0361",
        "long": "Granada - Padul - Marchena - D\u00farcal - Nig\u00fcelas",
        "short": "0361",
        "text_color": "FFFFFF",
        "type_label": "Bus"
      },
      {
        "color": "FF0000",
        "color_name": "red",
        "has_shape": true,
        "id": "3_1050",
        "label": "0158D",
        "long": "Granada - Churriana V. - Gabia (Directo)",
        "short": "0158D",
        "text_color": "FFFFFF",
        "type_label": "Bus"
      },
      {
        "color": "FF0000",
        "color_name": "red",
        "has_shape": true,
        "id": "3_1071",
        "label": "0122U",
        "long": "Granada - Maracena - Albolote - Atarfe (Universitario)",
        "short": "0122U",
        "text_color": "FFFFFF",
        "type_label": "Bus"
      },
      {
        "color": "FF0000",
        "color_name": "red",
        "has_shape": true,
        "id": "3_1076",
        "label": "0122A",
        "long": "Granada - Maracena - Albolote - Atarfe (Lunes A Viernes)",
        "short": "0122A",
        "text_color": "FFFFFF",
        "type_label": "Bus"
      },
      {
        "color": "FF0000",
        "color_name": "red",
        "has_shape": true,
        "id": "3_1077",
        "label": "0124",
        "long": "Granada - Atarfe",
        "short": "0124",
        "text_color": "FFFFFF",
        "type_label": "Bus"
      },
      {
        "color": "FF0000",
        "color_name": "red",
        "has_shape": true,
        "id": "3_1079",
        "label": "0122B",
        "long": "Granada - Maracena - Albolote - Atarfe (S\u00e1bados  Domingos Y Festivos)",
        "short": "0122B",
        "text_color": "FFFFFF",
        "type_label": "Bus"
      },
      {
        "color": "FF0000",
        "color_name": "red",
        "has_shape": true,
        "id": "3_1080",
        "label": "0180",
        "long": "Granada - Hu\u00e9tor V. - C\u00e1jar - Bellavista - Zubia",
        "short": "0180",
        "text_color": "FFFFFF",
        "type_label": "Bus"
      },
      {
        "color": "FF0000",
        "color_name": "red",
        "has_shape": true,
        "id": "3_1095",
        "label": "0128H",
        "long": "Albolote - Hotel",
        "short": "0128H",
        "text_color": "FFFFFF",
        "type_label": "Bus"
      },
      {
        "color": "FF0000",
        "color_name": "red",
        "has_shape": true,
        "id": "3_1096",
        "label": "0169A",
        "long": "Og\u00edjares - San Nicol\u00e1s - Pts (Circular)",
        "short": "0169A",
        "text_color": "FFFFFF",
        "type_label": "Bus"
      },
      {
        "color": "FF0000",
        "color_name": "red",
        "has_shape": true,
        "id": "3_1097",
        "label": "0169B",
        "long": "Og\u00edjares - Pts - San Nicol\u00e1s (Circular)",
        "short": "0169B",
        "text_color": "FFFFFF",
        "type_label": "Bus"
      },
      {
        "color": "FF0000",
        "color_name": "red",
        "has_shape": true,
        "id": "3_1099",
        "label": "0110",
        "long": "Granada - Peligros -Caser\u00edo Fonseca - Monteluz",
        "short": "0110",
        "text_color": "FFFFFF",
        "type_label": "Bus"
      },
      {
        "color": "FF0000",
        "color_name": "red",
        "has_shape": true,
        "id": "3_1100",
        "label": "0183",
        "long": "Granada - Hu\u00e9tor V. - C\u00e1jar - B\u00ba Monachil - Monachil",
        "short": "0183",
        "text_color": "FFFFFF",
        "type_label": "Bus"
      },
      {
        "color": "FF0000",
        "color_name": "red",
        "has_shape": true,
        "id": "3_1102",
        "label": "0117M",
        "long": "P.Cubillas-Albolote (Metro)",
        "short": "0117M",
        "text_color": "FFFFFF",
        "type_label": "Bus"
      },
      {
        "color": "FF0000",
        "color_name": "red",
        "has_shape": true,
        "id": "3_1105",
        "label": "0151",
        "long": "Granada -C\u00fallar V. - El Ventorrillo (Directo)",
        "short": "0151",
        "text_color": "FFFFFF",
        "type_label": "Bus"
      },
      {
        "color": "FF0000",
        "color_name": "red",
        "has_shape": true,
        "id": "3_1107",
        "label": "0184",
        "long": "Granada - Hu\u00e9tor V. - M. Nuevo",
        "short": "0184",
        "text_color": "FFFFFF",
        "type_label": "Bus"
      },
      {
        "color": "FF0000",
        "color_name": "red",
        "has_shape": true,
        "id": "3_1111",
        "label": "0345",
        "long": "Granada - Chimeneas - \u00c1cula - Ventas H. - Cac\u00edn",
        "short": "0345",
        "text_color": "FFFFFF",
        "type_label": "Bus"
      },
      {
        "color": "FF0000",
        "color_name": "red",
        "has_shape": true,
        "id": "3_1112",
        "label": "0245",
        "long": "Granada-Aeropuerto",
        "short": "0245",
        "text_color": "FFFFFF",
        "type_label": "Bus"
      },
      {
        "color": "FF0000",
        "color_name": "red",
        "has_shape": true,
        "id": "3_1113",
        "label": "0150",
        "long": "Granada - C\u00fallar V. - V. Del Genil",
        "short": "0150",
        "text_color": "FFFFFF",
        "type_label": "Bus"
      },
      {
        "color": "FF0000",
        "color_name": "red",
        "has_shape": true,
        "id": "3_1114",
        "label": "0153",
        "long": "Granada - Churriana V. - H\u00edjar (Directo)",
        "short": "0153",
        "text_color": "FFFFFF",
        "type_label": "Bus"
      },
      {
        "color": "FF0000",
        "color_name": "red",
        "has_shape": true,
        "id": "3_1115",
        "label": "0156",
        "long": "Granada - Armilla - Churriana V. - Las Gabias",
        "short": "0156",
        "text_color": "FFFFFF",
        "type_label": "Bus"
      },
      {
        "color": "FF0000",
        "color_name": "red",
        "has_shape": true,
        "id": "3_1116",
        "label": "0155",
        "long": "Granada - Armilla",
        "short": "0155",
        "text_color": "FFFFFF",
        "type_label": "Bus"
      },
      {
        "color": "FF0000",
        "color_name": "red",
        "has_shape": true,
        "id": "3_1117",
        "label": "0157",
        "long": "Granada - Armilla - Churriana V. (A-338)-Pedro Verde - Gabia Chica",
        "short": "0157",
        "text_color": "FFFFFF",
        "type_label": "Bus"
      },
      {
        "color": "FF0000",
        "color_name": "red",
        "has_shape": true,
        "id": "3_1118",
        "label": "0305",
        "long": "Granada - Pulianas - G\u00fcev\u00e9jar - N\u00edvar - Cogollos V.",
        "short": "0305",
        "text_color": "FFFFFF",
        "type_label": "Bus"
      },
      {
        "color": "FF0000",
        "color_name": "red",
        "has_shape": true,
        "id": "3_1119",
        "label": "0242",
        "long": "Granada - Santa Fe - Chauchina - Cijuela - L\u00e1char",
        "short": "0242",
        "text_color": "FFFFFF",
        "type_label": "Bus"
      },
      {
        "color": "FF0000",
        "color_name": "red",
        "has_shape": true,
        "id": "3_1120",
        "label": "0111L",
        "long": "Peligros - Maracena",
        "short": "0111L",
        "text_color": "FFFFFF",
        "type_label": "Bus"
      },
      {
        "color": "FF0000",
        "color_name": "red",
        "has_shape": true,
        "id": "3_1122",
        "label": "0105",
        "long": "Granada - Pulianas",
        "short": "0105",
        "text_color": "FFFFFF",
        "type_label": "Bus"
      },
      {
        "color": "FF0000",
        "color_name": "red",
        "has_shape": true,
        "id": "3_1125",
        "label": "0100",
        "long": "Granada - Jun - A.Humeya - V\u00edznar",
        "short": "0100",
        "text_color": "FFFFFF",
        "type_label": "Bus"
      },
      {
        "color": "FF0000",
        "color_name": "red",
        "has_shape": true,
        "id": "3_1126",
        "label": "0101",
        "long": "Granada - Jun - Alfacar - V\u00edznar",
        "short": "0101",
        "text_color": "FFFFFF",
        "type_label": "Bus"
      },
      {
        "color": "FF0000",
        "color_name": "red",
        "has_shape": true,
        "id": "3_1127",
        "label": "0102",
        "long": "Granada - Jun - Alfacar",
        "short": "0102",
        "text_color": "FFFFFF",
        "type_label": "Bus"
      },
      {
        "color": "FF0000",
        "color_name": "red",
        "has_shape": true,
        "id": "3_1128",
        "label": "0104",
        "long": "A.Humeya - Jun - S.Jer\u00f3nimo",
        "short": "0104",
        "text_color": "FFFFFF",
        "type_label": "Bus"
      },
      {
        "color": "FF0000",
        "color_name": "red",
        "has_shape": true,
        "id": "3_1130",
        "label": "0390P",
        "long": "Granada - Pinos Genil - G\u00fcejar Sierra Provisional",
        "short": "0390P",
        "text_color": "FFFFFF",
        "type_label": "Bus"
      },
      {
        "color": "FF0000",
        "color_name": "red",
        "has_shape": true,
        "id": "3_1131",
        "label": "0180D",
        "long": "Granada - C\u00e1jar (Directo)",
        "short": "0180D",
        "text_color": "FFFFFF",
        "type_label": "Bus"
      },
      {
        "color": "FF0000",
        "color_name": "red",
        "has_shape": true,
        "id": "3_644",
        "label": "0111",
        "long": "Granada - P.Asegra - Urbanizaci\u00f3n La Joya - Peligros",
        "short": "0111",
        "text_color": "FFFFFF",
        "type_label": "Bus"
      },
      {
        "color": "FF0000",
        "color_name": "red",
        "has_shape": true,
        "id": "3_701",
        "label": "0256",
        "long": "Granada - La Malah\u00e1 - Esc\u00fazar - Ventas H.",
        "short": "0256",
        "text_color": "FFFFFF",
        "type_label": "Bus"
      },
      {
        "color": "FF0000",
        "color_name": "red",
        "has_shape": true,
        "id": "3_703",
        "label": "0300",
        "long": "Granada - El Fargue - H. Santill\u00e1n - El Colmenar - Beas G.",
        "short": "0300",
        "text_color": "FFFFFF",
        "type_label": "Bus"
      },
      {
        "color": "FF0000",
        "color_name": "red",
        "has_shape": true,
        "id": "3_710",
        "label": "0318",
        "long": "Granada - Colomera",
        "short": "0318",
        "text_color": "FFFFFF",
        "type_label": "Bus"
      },
      {
        "color": "FF0000",
        "color_name": "red",
        "has_shape": true,
        "id": "3_727",
        "label": "0395",
        "long": "Granada - Cenes De La Vega - D\u00fadar - Qu\u00e9ntar",
        "short": "0395",
        "text_color": "FFFFFF",
        "type_label": "Bus"
      },
      {
        "color": "FF0000",
        "color_name": "red",
        "has_shape": true,
        "id": "3_841",
        "label": "0121",
        "long": "Granada - Maracena (Ctra.Ja\u00e9n)",
        "short": "0121",
        "text_color": "FFFFFF",
        "type_label": "Bus"
      },
      {
        "color": "FF0000",
        "color_name": "red",
        "has_shape": true,
        "id": "3_844",
        "label": "0126",
        "long": "Granada - Atarfe - M.Elvira - Los Cortijos - Caparacena",
        "short": "0126",
        "text_color": "FFFFFF",
        "type_label": "Bus"
      },
      {
        "color": "FF0000",
        "color_name": "red",
        "has_shape": true,
        "id": "3_868",
        "label": "0241",
        "long": "Granada - Santa Fe - Chauchina - Cijuela",
        "short": "0241",
        "text_color": "FFFFFF",
        "type_label": "Bus"
      },
      {
        "color": "FF0000",
        "color_name": "red",
        "has_shape": true,
        "id": "3_875",
        "label": "0335",
        "long": "Granada - Fte.Vaqueros - Valderrubio - Esc\u00f3znar - Ob\u00e9ilar",
        "short": "0335",
        "text_color": "FFFFFF",
        "type_label": "Bus"
      },
      {
        "color": "FF0000",
        "color_name": "red",
        "has_shape": true,
        "id": "3_876",
        "label": "0336",
        "long": "Granada - Chauchina - Fte.Vaqueros - Valderrubio - Ob\u00e9ilar",
        "short": "0336",
        "text_color": "FFFFFF",
        "type_label": "Bus"
      },
      {
        "color": "FF0000",
        "color_name": "red",
        "has_shape": true,
        "id": "3_877",
        "label": "0340",
        "long": "Granada - Santa Fe - Cijuela - L\u00e1char - Trasmulas - Pe\u00f1uelas - C.Tajarja - El Turro",
        "short": "0340",
        "text_color": "FFFFFF",
        "type_label": "Bus"
      },
      {
        "color": "FF0000",
        "color_name": "red",
        "has_shape": true,
        "id": "3_909",
        "label": "0182",
        "long": "Monachil - B\u00ba Monachil",
        "short": "0182",
        "text_color": "FFFFFF",
        "type_label": "Bus"
      },
      {
        "color": "FF0000",
        "color_name": "red",
        "has_shape": true,
        "id": "3_925",
        "label": "P.LO",
        "long": "Granada - P.Puente - Venta Algarra - P.Lope",
        "short": "P.LO",
        "text_color": "FFFFFF",
        "type_label": "Bus"
      },
      {
        "color": "FF0000",
        "color_name": "red",
        "has_shape": true,
        "id": "3_932",
        "label": "0181",
        "long": "Granada - Hu\u00e9tor V. - B\u00ba Monachil - Bellavista",
        "short": "0181",
        "text_color": "FFFFFF",
        "type_label": "Bus"
      },
      {
        "color": "FF0000",
        "color_name": "red",
        "has_shape": true,
        "id": "3_953",
        "label": "0127",
        "long": "Atarfe - Albolote (Lanzadera)",
        "short": "0127",
        "text_color": "FFFFFF",
        "type_label": "Bus"
      },
      {
        "color": "FF0000",
        "color_name": "red",
        "has_shape": true,
        "id": "3_958",
        "label": "0313",
        "long": "Granada - Juncaril - Albolote - Loma Verde - Cjo.Aire - V.Blancas - Calicasas",
        "short": "0313",
        "text_color": "FFFFFF",
        "type_label": "Bus"
      },
      {
        "color": "FF0000",
        "color_name": "red",
        "has_shape": true,
        "id": "3_963",
        "label": "0128",
        "long": "Urbanizaci\u00f3n El Torre\u00f3n - Albolote - L.Verde - Cjo.Aire - El Chaparral",
        "short": "0128",
        "text_color": "FFFFFF",
        "type_label": "Bus"
      },
      {
        "color": "FF0000",
        "color_name": "red",
        "has_shape": true,
        "id": "3_968",
        "label": "0159",
        "long": "Armilla - Pts",
        "short": "0159",
        "text_color": "FFFFFF",
        "type_label": "Bus"
      },
      {
        "color": "FF0000",
        "color_name": "red",
        "has_shape": true,
        "id": "3_986",
        "label": "0140",
        "long": "Granada - Santa Fe",
        "short": "0140",
        "text_color": "FFFFFF",
        "type_label": "Bus"
      },
      {
        "color": "FF0000",
        "color_name": "red",
        "has_shape": true,
        "id": "3_987",
        "label": "0170A",
        "long": "Granada - Og\u00edjares - Lomalinda",
        "short": "0170A",
        "text_color": "FFFFFF",
        "type_label": "Bus"
      },
      {
        "color": "FF0000",
        "color_name": "red",
        "has_shape": true,
        "id": "3_988",
        "label": "0170B",
        "long": "Granada - Og\u00edjares - Pedrizas - Lomalinda",
        "short": "0170B",
        "text_color": "FFFFFF",
        "type_label": "Bus"
      },
      {
        "color": "FF0000",
        "color_name": "red",
        "has_shape": true,
        "id": "3_989",
        "label": "0171",
        "long": "Granada - Og\u00edjares - G\u00f3jar - D\u00edlar",
        "short": "0171",
        "text_color": "FFFFFF",
        "type_label": "Bus"
      },
      {
        "color": "FF0000",
        "color_name": "red",
        "has_shape": true,
        "id": "3_990",
        "label": "0177",
        "long": "Granada - Zubia (C.F\u00fatbol)",
        "short": "0177",
        "text_color": "FFFFFF",
        "type_label": "Bus"
      },
      {
        "color": "FF0000",
        "color_name": "red",
        "has_shape": true,
        "id": "3_991",
        "label": "0225",
        "long": "Granada - P.Puente",
        "short": "0225",
        "text_color": "FFFFFF",
        "type_label": "Bus"
      },
      {
        "color": "FF0000",
        "color_name": "red",
        "has_shape": true,
        "id": "3_992",
        "label": "0226",
        "long": "Granada - P.Puente - Zujaira",
        "short": "0226",
        "text_color": "FFFFFF",
        "type_label": "Bus"
      },
      {
        "color": "FF0000",
        "color_name": "red",
        "has_shape": true,
        "id": "3_993",
        "label": "0275",
        "long": "Granada - Zubia - C.Verdes",
        "short": "0275",
        "text_color": "FFFFFF",
        "type_label": "Bus"
      },
      {
        "color": "FF0000",
        "color_name": "red",
        "has_shape": true,
        "id": "3_995",
        "label": "0174A",
        "long": "Granada - Og\u00edjares - Zubia (Circular)",
        "short": "0174A",
        "text_color": "FFFFFF",
        "type_label": "Bus"
      },
      {
        "color": "FF0000",
        "color_name": "red",
        "has_shape": true,
        "id": "3_996",
        "label": "0174B",
        "long": "Granada - Zubia - Og\u00edjares (Circular)",
        "short": "0174B",
        "text_color": "FFFFFF",
        "type_label": "Bus"
      },
      {
        "color": "FF0000",
        "color_name": "red",
        "has_shape": true,
        "id": "3_997",
        "label": "0175",
        "long": "Granada - Zubia (L.Reina)",
        "short": "0175",
        "text_color": "FFFFFF",
        "type_label": "Bus"
      },
      {
        "color": "006600",
        "color_name": "green",
        "has_shape": true,
        "id": "4_1",
        "label": "M-110",
        "long": "M\u00e1laga-Torremolinos-Benalm\u00e1dena Costa",
        "short": "M-110",
        "text_color": "FFFFFF",
        "type_label": "Bus"
      },
      {
        "color": "009900",
        "color_name": "green",
        "has_shape": true,
        "id": "4_10",
        "label": "M-122",
        "long": "Fuengirola-Mijas",
        "short": "M-122",
        "text_color": "FFFFFF",
        "type_label": "Bus"
      },
      {
        "color": "009900",
        "color_name": "green",
        "has_shape": true,
        "id": "4_100",
        "label": "M-330",
        "long": "M\u00e1laga-Zalea-El Burgo",
        "short": "M-330",
        "text_color": "FFFFFF",
        "type_label": "Bus"
      },
      {
        "color": "009900",
        "color_name": "green",
        "has_shape": true,
        "id": "4_109",
        "label": "M-161",
        "long": "M\u00e1laga-Centro Comercial Rinc\u00f3n De La Victoria-Total\u00e1n",
        "short": "M-161",
        "text_color": "FFFFFF",
        "type_label": "Bus"
      },
      {
        "color": "009900",
        "color_name": "green",
        "has_shape": true,
        "id": "4_11",
        "label": "M-123",
        "long": "Churriana-Torremolinos-Benalm\u00e1dena Costa",
        "short": "M-123",
        "text_color": "FFFFFF",
        "type_label": "Bus"
      },
      {
        "color": "009900",
        "color_name": "green",
        "has_shape": true,
        "id": "4_110",
        "label": "M-162",
        "long": "M\u00e1laga-Ol\u00edas",
        "short": "M-162",
        "text_color": "FFFFFF",
        "type_label": "Bus"
      },
      {
        "color": "009900",
        "color_name": "green",
        "has_shape": true,
        "id": "4_114",
        "label": "M-360",
        "long": "M\u00e1laga-Ol\u00edas-Comares",
        "short": "M-360",
        "text_color": "FFFFFF",
        "type_label": "Bus"
      },
      {
        "color": "009900",
        "color_name": "green",
        "has_shape": true,
        "id": "4_12",
        "label": "M-124",
        "long": "Carola-Torremolinos",
        "short": "M-124",
        "text_color": "FFFFFF",
        "type_label": "Bus"
      },
      {
        "color": "009900",
        "color_name": "green",
        "has_shape": true,
        "id": "4_121",
        "label": "M-340",
        "long": "\u00c1lora-Bermejo-El Chorro/Caminito Del Rey",
        "short": "M-340",
        "text_color": "FFFFFF",
        "type_label": "Bus"
      },
      {
        "color": "009900",
        "color_name": "green",
        "has_shape": true,
        "id": "4_122",
        "label": "M-341",
        "long": "\u00c1lora-Venta Tendilla",
        "short": "M-341",
        "text_color": "FFFFFF",
        "type_label": "Bus"
      },
      {
        "color": "009900",
        "color_name": "green",
        "has_shape": true,
        "id": "4_123",
        "label": "M-342",
        "long": "\u00c1lora-Estaci\u00f3n De \u00c1lora",
        "short": "M-342",
        "text_color": "FFFFFF",
        "type_label": "Bus"
      },
      {
        "color": "009900",
        "color_name": "green",
        "has_shape": true,
        "id": "4_13",
        "label": "M-125",
        "long": "Torremolinos-Patronato",
        "short": "M-125",
        "text_color": "FFFFFF",
        "type_label": "Bus"
      },
      {
        "color": "009900",
        "color_name": "green",
        "has_shape": true,
        "id": "4_130",
        "label": "M-343",
        "long": "\u00c1lora-Pol\u00edgono Industrial",
        "short": "M-343",
        "text_color": "FFFFFF",
        "type_label": "Bus"
      },
      {
        "color": "009900",
        "color_name": "green",
        "has_shape": true,
        "id": "4_133",
        "label": "M-166",
        "long": "Universidad-Cl\u00ednico-Rinc\u00f3n De La Victoria (Del 09/09/26 Al 28/05/27)",
        "short": "M-166",
        "text_color": "FFFFFF",
        "type_label": "Bus"
      },
      {
        "color": "009900",
        "color_name": "green",
        "has_shape": true,
        "id": "4_14",
        "label": "M-126",
        "long": "Benalm\u00e1dena-Torremolinos",
        "short": "M-126",
        "text_color": "FFFFFF",
        "type_label": "Bus"
      },
      {
        "color": "009900",
        "color_name": "green",
        "has_shape": true,
        "id": "4_140",
        "label": "M-103",
        "long": "Urbano De Benalm\u00e1dena - L\u00ednea 1 Higuer\u00f3n-Torremuelle",
        "short": "M-103",
        "text_color": "FFFFFF",
        "type_label": "Bus"
      },
      {
        "color": "009900",
        "color_name": "green",
        "has_shape": true,
        "id": "4_146",
        "label": "M-550",
        "long": "Villanueva De La Concepci\u00f3n-Casabermeja-El Palo",
        "short": "M-550",
        "text_color": "FFFFFF",
        "type_label": "Bus"
      },
      {
        "color": "009900",
        "color_name": "green",
        "has_shape": true,
        "id": "4_147",
        "label": "M-551",
        "long": "Almog\u00eda-Plaza Mayor-Playamar",
        "short": "M-551",
        "text_color": "FFFFFF",
        "type_label": "Bus"
      },
      {
        "color": "009900",
        "color_name": "green",
        "has_shape": true,
        "id": "4_15",
        "label": "M-127",
        "long": "Las Lagunas-Fuengirola",
        "short": "M-127",
        "text_color": "FFFFFF",
        "type_label": "Bus"
      },
      {
        "color": "009900",
        "color_name": "green",
        "has_shape": true,
        "id": "4_16",
        "label": "M-131",
        "long": "M\u00e1laga-C\u00e1rtama",
        "short": "M-131",
        "text_color": "FFFFFF",
        "type_label": "Bus"
      },
      {
        "color": "009900",
        "color_name": "green",
        "has_shape": true,
        "id": "4_163",
        "label": "M-344",
        "long": "M\u00e1laga-Tolox",
        "short": "M-344",
        "text_color": "FFFFFF",
        "type_label": "Bus"
      },
      {
        "color": "009900",
        "color_name": "green",
        "has_shape": true,
        "id": "4_164",
        "label": "M-345",
        "long": "M\u00e1laga-C\u00e1rtama-Co\u00edn",
        "short": "M-345",
        "text_color": "FFFFFF",
        "type_label": "Bus"
      },
      {
        "color": "009900",
        "color_name": "green",
        "has_shape": true,
        "id": "4_17",
        "label": "M-132",
        "long": "M\u00e1laga-Alhaur\u00edn El Grande",
        "short": "M-132",
        "text_color": "FFFFFF",
        "type_label": "Bus"
      },
      {
        "color": "009900",
        "color_name": "green",
        "has_shape": true,
        "id": "4_176",
        "label": "M-251",
        "long": "M\u00e1laga-Casabermeja-Colmenar-Riogordo",
        "short": "M-251",
        "text_color": "FFFFFF",
        "type_label": "Bus"
      },
      {
        "color": "009900",
        "color_name": "green",
        "has_shape": true,
        "id": "4_177",
        "label": "M-253",
        "long": "M\u00e1laga-Antequera",
        "short": "M-253",
        "text_color": "FFFFFF",
        "type_label": "Bus"
      },
      {
        "color": "009900",
        "color_name": "green",
        "has_shape": true,
        "id": "4_178",
        "label": "M-254",
        "long": "M\u00e1laga-Rute Por Antequera",
        "short": "M-254",
        "text_color": "FFFFFF",
        "type_label": "Bus"
      },
      {
        "color": "009900",
        "color_name": "green",
        "has_shape": true,
        "id": "4_18",
        "label": "M-133",
        "long": "M\u00e1laga-Alhaur\u00edn De La Torre-Pinos De Alhaur\u00edn",
        "short": "M-133",
        "text_color": "FFFFFF",
        "type_label": "Bus"
      },
      {
        "color": "009900",
        "color_name": "green",
        "has_shape": true,
        "id": "4_19",
        "label": "M-160",
        "long": "M\u00e1laga-Rinc\u00f3n De La Victoria-Cotomar",
        "short": "M-160",
        "text_color": "FFFFFF",
        "type_label": "Bus"
      },
      {
        "color": "339900",
        "color_name": "green",
        "has_shape": true,
        "id": "4_191",
        "label": "M-347",
        "long": "Caminito Del Rey/El Chorro-El Kiosco",
        "short": "M-347",
        "text_color": "FFFFFF",
        "type_label": "Bus"
      },
      {
        "color": "009900",
        "color_name": "green",
        "has_shape": true,
        "id": "4_20",
        "label": "M-163",
        "long": "M\u00e1laga-Rinc\u00f3n De La Victoria-Los Rubios",
        "short": "M-163",
        "text_color": "FFFFFF",
        "type_label": "Bus"
      },
      {
        "color": "009900",
        "color_name": "green",
        "has_shape": true,
        "id": "4_201",
        "label": "M-119",
        "long": "Calahonda-La Cala De Mijas-Fuengirola (Circular)",
        "short": "M-119",
        "text_color": "FFFFFF",
        "type_label": "Bus"
      },
      {
        "color": "009900",
        "color_name": "green",
        "has_shape": true,
        "id": "4_208",
        "label": "M-156",
        "long": "Las Lagunas-Centro Comercial-Cerros Del \u00c1guila",
        "short": "M-156",
        "text_color": "FFFFFF",
        "type_label": "Bus"
      },
      {
        "color": "009900",
        "color_name": "green",
        "has_shape": true,
        "id": "4_21",
        "label": "M-220",
        "long": "Las Lagunas-Fuengirola-Marbella",
        "short": "M-220",
        "text_color": "FFFFFF",
        "type_label": "Bus"
      },
      {
        "color": "009900",
        "color_name": "green",
        "has_shape": true,
        "id": "4_214",
        "label": "R-1",
        "long": "Centro Comercial-Benagalb\u00f3n",
        "short": "R-1",
        "text_color": "FFFFFF",
        "type_label": "Bus"
      },
      {
        "color": "009900",
        "color_name": "green",
        "has_shape": true,
        "id": "4_215",
        "label": "R-2",
        "long": "Los Delgado-Centro Comercial-Lo Cea-Benagalb\u00f3n",
        "short": "R-2",
        "text_color": "FFFFFF",
        "type_label": "Bus"
      },
      {
        "color": "009900",
        "color_name": "green",
        "has_shape": true,
        "id": "4_216",
        "label": "R-3",
        "long": "Centro Comercial-Lomas Del Rinc\u00f3n-Cortijo Blanco-Parque Victoria",
        "short": "R-3",
        "text_color": "FFFFFF",
        "type_label": "Bus"
      },
      {
        "color": "009900",
        "color_name": "green",
        "has_shape": true,
        "id": "4_217",
        "label": "R-4",
        "long": "Parque Victoria-Centro Comercial-Serramar-Cantal Alto-Los Olivos-Altos De Lo Cea",
        "short": "R-4",
        "text_color": "FFFFFF",
        "type_label": "Bus"
      },
      {
        "color": "009900",
        "color_name": "green",
        "has_shape": true,
        "id": "4_219",
        "label": "R-6",
        "long": "Los Delgado-Centro Comercial-Serramar-Torre De Benagalb\u00f3n-A\u00f1oreta",
        "short": "R-6",
        "text_color": "FFFFFF",
        "type_label": "Bus"
      },
      {
        "color": "009900",
        "color_name": "green",
        "has_shape": true,
        "id": "4_22",
        "label": "M-221",
        "long": "Fuengirola-Co\u00edn",
        "short": "M-221",
        "text_color": "FFFFFF",
        "type_label": "Bus"
      },
      {
        "color": "00CC00",
        "color_name": "green",
        "has_shape": true,
        "id": "4_226",
        "label": "M-222",
        "long": "Valtocado-El Barrio-La Alquer\u00eda-Fuengirola",
        "short": "M-222",
        "text_color": "FFFFFF",
        "type_label": "Bus"
      },
      {
        "color": "00CC00",
        "color_name": "green",
        "has_shape": true,
        "id": "4_227",
        "label": "M-223",
        "long": "Entrerr\u00edos-Las Lagunas-Fuengirola",
        "short": "M-223",
        "text_color": "FFFFFF",
        "type_label": "Bus"
      },
      {
        "color": "009900",
        "color_name": "green",
        "has_shape": true,
        "id": "4_23",
        "label": "M-230",
        "long": "M\u00e1laga-Co\u00edn (Por Los Alhaurines)",
        "short": "M-230",
        "text_color": "FFFFFF",
        "type_label": "Bus"
      },
      {
        "color": "009900",
        "color_name": "green",
        "has_shape": true,
        "id": "4_230",
        "label": "M-231",
        "long": "M\u00e1laga-Pizarra-\u00c1lora",
        "short": "M-231",
        "text_color": "FFFFFF",
        "type_label": "Bus"
      },
      {
        "color": "009900",
        "color_name": "green",
        "has_shape": true,
        "id": "4_231",
        "label": "M-233",
        "long": "M\u00e1laga-Cerralba-\u00c1lora (Directo)",
        "short": "M-233",
        "text_color": "FFFFFF",
        "type_label": "Bus"
      },
      {
        "color": "009900",
        "color_name": "green",
        "has_shape": true,
        "id": "4_234",
        "label": "M-235",
        "long": "\u00c1lora-Pizarra-M\u00e1laga Por Cerralba Y C\u00e1rtama",
        "short": "M-235",
        "text_color": "FFFFFF",
        "type_label": "Bus"
      },
      {
        "color": "00CC00",
        "color_name": "green",
        "has_shape": true,
        "id": "4_238",
        "label": "T-1",
        "long": "Torremolinos-Aloha",
        "short": "T-1",
        "text_color": "FFFFFF",
        "type_label": "Bus"
      },
      {
        "color": "009900",
        "color_name": "green",
        "has_shape": true,
        "id": "4_239",
        "label": "T-2",
        "long": "Torremolinos-Playamar",
        "short": "T-2",
        "text_color": "FFFFFF",
        "type_label": "Bus"
      },
      {
        "color": "009900",
        "color_name": "green",
        "has_shape": true,
        "id": "4_242",
        "label": "R-8",
        "long": "Parque Victoria-Calle Estados Unidos",
        "short": "R-8",
        "text_color": "FFFFFF",
        "type_label": "Bus"
      },
      {
        "color": "009900",
        "color_name": "green",
        "has_shape": true,
        "id": "4_243",
        "label": "M-590",
        "long": "Alhaur\u00edn El Grande-Fuengirola",
        "short": "M-590",
        "text_color": "FFFFFF",
        "type_label": "Bus"
      },
      {
        "color": "009900",
        "color_name": "green",
        "has_shape": true,
        "id": "4_248",
        "label": "M-348",
        "long": "M\u00e1laga-Co\u00edn",
        "short": "M-348",
        "text_color": "FFFFFF",
        "type_label": "Bus"
      },
      {
        "color": "009900",
        "color_name": "green",
        "has_shape": true,
        "id": "4_254",
        "label": "M-107",
        "long": "Urbano De Benalm\u00e1dena. L\u00ednea M-107 Santangelo-Miramar-Arroyo De La Miel",
        "short": "M-107",
        "text_color": "FFFFFF",
        "type_label": "Bus"
      },
      {
        "color": "009900",
        "color_name": "green",
        "has_shape": true,
        "id": "4_274",
        "label": "M-167",
        "long": "Co\u00edn-Alhaur\u00edn El Grande-M\u00e1laga",
        "short": "M-167",
        "text_color": "FFFFFF",
        "type_label": "Bus"
      },
      {
        "color": "009900",
        "color_name": "green",
        "has_shape": true,
        "id": "4_276",
        "label": "M-170",
        "long": "Alhaur\u00edn De La Torre-M\u00e1laga",
        "short": "M-170",
        "text_color": "FFFFFF",
        "type_label": "Bus"
      },
      {
        "color": "009900",
        "color_name": "green",
        "has_shape": true,
        "id": "4_279",
        "label": "M-153",
        "long": "Hospital-C\u00e1rtama-Maqueda",
        "short": "M-153",
        "text_color": "FFFFFF",
        "type_label": "Bus"
      },
      {
        "color": "009900",
        "color_name": "green",
        "has_shape": true,
        "id": "4_281",
        "label": "M-257",
        "long": "Antequera-M\u00e1laga-Torre Del Mar",
        "short": "M-257",
        "text_color": "FFFFFF",
        "type_label": "Bus"
      },
      {
        "color": "009900",
        "color_name": "green",
        "has_shape": true,
        "id": "4_282",
        "label": "M-258",
        "long": "Ubeda-M\u00e1laga Por Antequera",
        "short": "M-258",
        "text_color": "FFFFFF",
        "type_label": "Bus"
      },
      {
        "color": "009900",
        "color_name": "green",
        "has_shape": true,
        "id": "4_283",
        "label": "M-259",
        "long": "C\u00f3rdoba-M\u00e1laga Por Antequera",
        "short": "M-259",
        "text_color": "FFFFFF",
        "type_label": "Bus"
      },
      {
        "color": "009900",
        "color_name": "green",
        "has_shape": true,
        "id": "4_284",
        "label": "M-256",
        "long": "M\u00e1laga-Antequera-Valle De Abdalaj\u00eds",
        "short": "M-256",
        "text_color": "FFFFFF",
        "type_label": "Bus"
      },
      {
        "color": "009900",
        "color_name": "green",
        "has_shape": true,
        "id": "4_285",
        "label": "M-265",
        "long": "Alameda-M\u00e1laga Por Antequera",
        "short": "M-265",
        "text_color": "FFFFFF",
        "type_label": "Bus"
      },
      {
        "color": "009900",
        "color_name": "green",
        "has_shape": true,
        "id": "4_286",
        "label": "M-266",
        "long": "Villanueva De La Concepci\u00f3n-Antequera",
        "short": "M-266",
        "text_color": "FFFFFF",
        "type_label": "Bus"
      },
      {
        "color": "009900",
        "color_name": "green",
        "has_shape": true,
        "id": "4_291",
        "label": "M-104B",
        "long": "Pizarra-Zalea-Cerralba-Hospital",
        "short": "M-104B",
        "text_color": "FFFFFF",
        "type_label": "Bus"
      },
      {
        "color": "009900",
        "color_name": "green",
        "has_shape": true,
        "id": "4_296",
        "label": "M-262",
        "long": "Rinc\u00f3n De La Victoria-Benagalb\u00f3n-Moclinejo-El Vald\u00e9s (Av)",
        "short": "M-262",
        "text_color": "FFFFFF",
        "type_label": "Bus"
      },
      {
        "color": "009900",
        "color_name": "green",
        "has_shape": true,
        "id": "4_297",
        "label": "M-168C",
        "long": "M\u00e1laga-Rinc\u00f3n De La Victoria (Cotomar) (Buho)",
        "short": "M-168C",
        "text_color": "FFFFFF",
        "type_label": "Bus"
      },
      {
        "color": "009900",
        "color_name": "green",
        "has_shape": true,
        "id": "4_3",
        "label": "M-112",
        "long": "M\u00e1laga-Mijas",
        "short": "M-112",
        "text_color": "FFFFFF",
        "type_label": "Bus"
      },
      {
        "color": "009900",
        "color_name": "green",
        "has_shape": true,
        "id": "4_300",
        "label": "M-351",
        "long": "M\u00e1laga-Casabermeja (Directo)",
        "short": "M-351",
        "text_color": "FFFFFF",
        "type_label": "Bus"
      },
      {
        "color": "009900",
        "color_name": "green",
        "has_shape": true,
        "id": "4_301",
        "label": "M-171",
        "long": "Alhaur\u00edn El Grande (Circular)",
        "short": "M-171",
        "text_color": "FFFFFF",
        "type_label": "Bus"
      },
      {
        "color": "009900",
        "color_name": "green",
        "has_shape": true,
        "id": "4_302",
        "label": "M-159B",
        "long": "Alhaur\u00edn El Grande-Villa Del Guadalhorce-Hospital Guadalhorce",
        "short": "M-159B",
        "text_color": "FFFFFF",
        "type_label": "Bus"
      },
      {
        "color": "009900",
        "color_name": "green",
        "has_shape": true,
        "id": "4_305",
        "label": "M-255",
        "long": "M\u00e1laga-Antequera (Directo)",
        "short": "M-255",
        "text_color": "FFFFFF",
        "type_label": "Bus"
      },
      {
        "color": "009900",
        "color_name": "green",
        "has_shape": true,
        "id": "4_307",
        "label": "M-252",
        "long": "M\u00e1laga-Casabermeja-Colmenar",
        "short": "M-252",
        "text_color": "FFFFFF",
        "type_label": "Bus"
      },
      {
        "color": "009900",
        "color_name": "green",
        "has_shape": true,
        "id": "4_308",
        "label": "M-152",
        "long": "M\u00e1laga-Los G\u00e1mez",
        "short": "M-152",
        "text_color": "FFFFFF",
        "type_label": "Bus"
      },
      {
        "color": "009900",
        "color_name": "green",
        "has_shape": true,
        "id": "4_313",
        "label": "M-060B",
        "long": "Fuengirola-La Cala De Mijas-Marbella (Directo)",
        "short": "M-060B",
        "text_color": "FFFFFF",
        "type_label": "Bus"
      },
      {
        "color": "006600",
        "color_name": "green",
        "has_shape": true,
        "id": "4_315",
        "label": "M-270",
        "long": "Valle De Abdalaj\u00eds-Estaci\u00f3n De \u00c1lora",
        "short": "M-270",
        "text_color": "FFFFFF",
        "type_label": "Bus"
      },
      {
        "color": "009900",
        "color_name": "green",
        "has_shape": true,
        "id": "4_318",
        "label": "M-368",
        "long": "M\u00e1laga-Torre Del Mar-Motril",
        "short": "M-368",
        "text_color": "FFFFFF",
        "type_label": "Bus"
      },
      {
        "color": "009900",
        "color_name": "green",
        "has_shape": true,
        "id": "4_321",
        "label": "M-260",
        "long": "M\u00e1laga-Torre Benagalb\u00f3n-Torre Del Mar-V\u00e9lez M\u00e1laga (Prohibido Entre V\u00e9lez Y T. Del Mar)",
        "short": "M-260",
        "text_color": "FFFFFF",
        "type_label": "Bus"
      },
      {
        "color": "009900",
        "color_name": "green",
        "has_shape": true,
        "id": "4_322",
        "label": "M-362",
        "long": "M\u00e1laga-Nerja (No Se Permite El Viaje Entre V\u00e9lez-M\u00e1laga Y Torre Del Mar En Ambos Sentidos)",
        "short": "M-362",
        "text_color": "FFFFFF",
        "type_label": "Bus"
      },
      {
        "color": "009900",
        "color_name": "green",
        "has_shape": true,
        "id": "4_324",
        "label": "M-369",
        "long": "Almer\u00eda-Torre Del Mar-M\u00e1laga",
        "short": "M-369",
        "text_color": "FFFFFF",
        "type_label": "Bus"
      },
      {
        "color": "009900",
        "color_name": "green",
        "has_shape": true,
        "id": "4_325",
        "label": "M-363",
        "long": "M\u00e1laga-Torre De Mar-Hospital V\u00e9lez-Torrox",
        "short": "M-363",
        "text_color": "FFFFFF",
        "type_label": "Bus"
      },
      {
        "color": "009900",
        "color_name": "green",
        "has_shape": true,
        "id": "4_326",
        "label": "M-366",
        "long": "M\u00e1laga-Torre De Mar-Cuevas De Nerja",
        "short": "M-366",
        "text_color": "FFFFFF",
        "type_label": "Bus"
      },
      {
        "color": "009900",
        "color_name": "green",
        "has_shape": true,
        "id": "4_327",
        "label": "M-367",
        "long": "M\u00e1laga-Torre Del Mar-Maro",
        "short": "M-367",
        "text_color": "FFFFFF",
        "type_label": "Bus"
      },
      {
        "color": "009900",
        "color_name": "green",
        "has_shape": true,
        "id": "4_328",
        "label": "M-364",
        "long": "M\u00e1laga-Torre Del Mar-V\u00e9lez M\u00e1laga-Periana",
        "short": "M-364",
        "text_color": "FFFFFF",
        "type_label": "Bus"
      },
      {
        "color": "009900",
        "color_name": "green",
        "has_shape": true,
        "id": "4_329",
        "label": "M-365",
        "long": "M\u00e1laga-Torre Del Mar-V\u00e9lez M\u00e1laga-Riogordo",
        "short": "M-365",
        "text_color": "FFFFFF",
        "type_label": "Bus"
      },
      {
        "color": "009900",
        "color_name": "green",
        "has_shape": true,
        "id": "4_334",
        "label": "M-380",
        "long": "M\u00e1laga-Torre Del Mar Directo (Desde El 30 De Julio)",
        "short": "M-380",
        "text_color": "FFFFFF",
        "type_label": "Bus"
      },
      {
        "color": "009900",
        "color_name": "green",
        "has_shape": true,
        "id": "4_4",
        "label": "M-113",
        "long": "M\u00e1laga-Las Lagunas-Fuengirola (Directo)",
        "short": "M-113",
        "text_color": "FFFFFF",
        "type_label": "Bus"
      },
      {
        "color": "009900",
        "color_name": "green",
        "has_shape": true,
        "id": "4_5",
        "label": "M-114",
        "long": "Mijas-Teatinos (Del 09/09/26 Al 28/05/27)",
        "short": "M-114",
        "text_color": "FFFFFF",
        "type_label": "Bus"
      },
      {
        "color": "009900",
        "color_name": "green",
        "has_shape": true,
        "id": "4_7",
        "label": "M-116",
        "long": "Teatinos-Torremolinos-Benalm\u00e1dena (Del 09/09/26 Al 28/05/27)",
        "short": "M-116",
        "text_color": "FFFFFF",
        "type_label": "Bus"
      },
      {
        "color": "009900",
        "color_name": "green",
        "has_shape": true,
        "id": "4_8",
        "label": "M-120",
        "long": "Torremolinos-Fuengirola",
        "short": "M-120",
        "text_color": "FFFFFF",
        "type_label": "Bus"
      },
      {
        "color": "009900",
        "color_name": "green",
        "has_shape": true,
        "id": "4_89",
        "label": "M-135",
        "long": "M\u00e1laga-Aeropuerto-Santa Amalia",
        "short": "M-135",
        "text_color": "FFFFFF",
        "type_label": "Bus"
      },
      {
        "color": "009900",
        "color_name": "green",
        "has_shape": true,
        "id": "4_9",
        "label": "M-121",
        "long": "Mijas-Benalm\u00e1dena-Torremolinos",
        "short": "M-121",
        "text_color": "FFFFFF",
        "type_label": "Bus"
      },
      {
        "color": "009900",
        "color_name": "green",
        "has_shape": true,
        "id": "4_90",
        "label": "M-136",
        "long": "C\u00e1rtama-Alhaur\u00edn De La Torre-Plaza Mayor-Los \u00c1lamos",
        "short": "M-136",
        "text_color": "FFFFFF",
        "type_label": "Bus"
      },
      {
        "color": "009900",
        "color_name": "green",
        "has_shape": true,
        "id": "4_91",
        "label": "M-140",
        "long": "C\u00e1rtama-Alhaur\u00edn De La Torre-Torremolinos",
        "short": "M-140",
        "text_color": "FFFFFF",
        "type_label": "Bus"
      },
      {
        "color": "009900",
        "color_name": "green",
        "has_shape": true,
        "id": "4_93",
        "label": "M-143",
        "long": "Alh. De La Torre-Churriana-Teatinos (Del 09/09/26 Al 28/05/27)",
        "short": "M-143",
        "text_color": "FFFFFF",
        "type_label": "Bus"
      },
      {
        "color": "009900",
        "color_name": "green",
        "has_shape": true,
        "id": "4_96",
        "label": "M-151",
        "long": "M\u00e1laga-Casabermeja-Vva.Concepci\u00f3n",
        "short": "M-151",
        "text_color": "FFFFFF",
        "type_label": "Bus"
      },
      {
        "color": "009900",
        "color_name": "green",
        "has_shape": true,
        "id": "4_97",
        "label": "M-137",
        "long": "Gibralgalia-Pizarra",
        "short": "M-137",
        "text_color": "FFFFFF",
        "type_label": "Bus"
      },
      {
        "color": "009900",
        "color_name": "green",
        "has_shape": true,
        "id": "4_98",
        "label": "M-144",
        "long": "Gibralgalia-El Sexmo",
        "short": "M-144",
        "text_color": "FFFFFF",
        "type_label": "Bus"
      },
      {
        "color": "009933",
        "color_name": "green",
        "has_shape": true,
        "id": "4_99",
        "label": "M-250",
        "long": "M\u00e1laga-Almog\u00eda",
        "short": "M-250",
        "text_color": "FFFFFF",
        "type_label": "Bus"
      },
      {
        "color": "FF0000",
        "color_name": "red",
        "has_shape": true,
        "id": "5_1",
        "label": "M-110",
        "long": "Los Barrios-Algeciras Directo",
        "short": "M-110",
        "text_color": "FFFFFF",
        "type_label": "Bus"
      },
      {
        "color": "669900",
        "color_name": "brown",
        "has_shape": true,
        "id": "5_10",
        "label": "M-170",
        "long": "San Pablo-Jimena-Castellar-Algeciras",
        "short": "M-170",
        "text_color": "FFFFFF",
        "type_label": "Bus"
      },
      {
        "color": "0066FF",
        "color_name": "blue",
        "has_shape": true,
        "id": "5_11",
        "label": "M-230",
        "long": "La L\u00ednea-San Roque",
        "short": "M-230",
        "text_color": "FFFFFF",
        "type_label": "Bus"
      },
      {
        "color": "FFCCCC",
        "color_name": "white",
        "has_shape": true,
        "id": "5_12",
        "label": "M-240",
        "long": "Estepona-La L\u00ednea (Ruta)",
        "short": "M-240",
        "text_color": "FFFFFF",
        "type_label": "Bus"
      },
      {
        "color": "996699",
        "color_name": "purple",
        "has_shape": true,
        "id": "5_14",
        "label": "M-271",
        "long": "La L\u00ednea-Tesorillo",
        "short": "M-271",
        "text_color": "FFFFFF",
        "type_label": "Bus"
      },
      {
        "color": "00FF33",
        "color_name": "green",
        "has_shape": true,
        "id": "5_2",
        "label": "M-112",
        "long": "Los Barrios-Algeciras Por Puente Romano",
        "short": "M-112",
        "text_color": "FFFFFF",
        "type_label": "Bus"
      },
      {
        "color": "00FF00",
        "color_name": "green",
        "has_shape": true,
        "id": "5_27",
        "label": "M-260",
        "long": "La L\u00ednea-Tahivilla",
        "short": "M-260",
        "text_color": "FFFFFF",
        "type_label": "Bus"
      },
      {
        "color": "339999",
        "color_name": "teal",
        "has_shape": true,
        "id": "5_28",
        "label": "M-272",
        "long": "San Pablo-Jimena-Castellar-Hospital-La L\u00ednea",
        "short": "M-272",
        "text_color": "FFFFFF",
        "type_label": "Bus"
      },
      {
        "color": "0000CC",
        "color_name": "blue",
        "has_shape": true,
        "id": "5_4",
        "label": "M-120",
        "long": "Algeciras-La L\u00ednea",
        "short": "M-120",
        "text_color": "FFFFFF",
        "type_label": "Bus"
      },
      {
        "color": "66FFFF",
        "color_name": "white",
        "has_shape": true,
        "id": "5_5",
        "label": "M-121",
        "long": "Los Barrios-La L\u00ednea",
        "short": "M-121",
        "text_color": "FFFFFF",
        "type_label": "Bus"
      },
      {
        "color": "FFFF00",
        "color_name": "yellow",
        "has_shape": true,
        "id": "5_6",
        "label": "M-130",
        "long": "San Roque-Algeciras",
        "short": "M-130",
        "text_color": "FFFFFF",
        "type_label": "Bus"
      },
      {
        "color": "9900FF",
        "color_name": "purple",
        "has_shape": true,
        "id": "5_7",
        "label": "M-150",
        "long": "Algeciras-Tarifa",
        "short": "M-150",
        "text_color": "FFFFFF",
        "type_label": "Bus"
      },
      {
        "color": "FF66FF",
        "color_name": "pink",
        "has_shape": true,
        "id": "5_8",
        "label": "M-160",
        "long": "Tahivilla-Facinas-Tarifa-Algeciras",
        "short": "M-160",
        "text_color": "FFFFFF",
        "type_label": "Bus"
      },
      {
        "color": "CCCC66",
        "color_name": "yellow",
        "has_shape": true,
        "id": "5_9",
        "label": "M-161",
        "long": "Barbate-Facinas-Algeciras",
        "short": "M-161",
        "text_color": "FFFFFF",
        "type_label": "Bus"
      },
      {
        "color": "9966FF",
        "color_name": "purple",
        "has_shape": true,
        "id": "6_1",
        "label": "M-101",
        "long": "Almer\u00eda - Hu\u00e9rcal - Viator - Campamento Nn",
        "short": "M-101",
        "text_color": "FFFFFF",
        "type_label": "Bus"
      },
      {
        "color": "00FF00",
        "color_name": "green",
        "has_shape": true,
        "id": "6_10",
        "label": "M-213",
        "long": "Almer\u00eda - Hospital El Toyo - Venta Del Pobre - Agua Amarga - Carboneras Nn",
        "short": "M-213",
        "text_color": "FFFFFF",
        "type_label": "Bus"
      },
      {
        "color": "66FFFF",
        "color_name": "white",
        "has_shape": true,
        "id": "6_11",
        "label": "M-105",
        "long": "Almer\u00eda - Los Pinos - Benahadux - Rioja - Tabernas Nn",
        "short": "M-105",
        "text_color": "FFFFFF",
        "type_label": "Bus"
      },
      {
        "color": "66CC00",
        "color_name": "yellow",
        "has_shape": true,
        "id": "6_12",
        "label": "M-202",
        "long": "Almer\u00eda - Retamar - Cabo De Gata - La Fabriquilla Nn",
        "short": "M-202",
        "text_color": "FFFFFF",
        "type_label": "Bus"
      },
      {
        "color": "669933",
        "color_name": "brown",
        "has_shape": true,
        "id": "6_13",
        "label": "M-203",
        "long": "Almer\u00eda - Hospital El Toyo - San Isidro - Campohermoso - Rodalquilar Nn",
        "short": "M-203",
        "text_color": "FFFFFF",
        "type_label": "Bus"
      },
      {
        "color": "009966",
        "color_name": "green",
        "has_shape": true,
        "id": "6_15",
        "label": "M-211",
        "long": "Almer\u00eda - Hospital El Toyo - San Isidro - Campohermoso - Atochares Nn",
        "short": "M-211",
        "text_color": "FFFFFF",
        "type_label": "Bus"
      },
      {
        "color": "FF6600",
        "color_name": "orange",
        "has_shape": true,
        "id": "6_17",
        "label": "M-301",
        "long": "Almer\u00eda - Aguadulce - El Parador - Puebla De V\u00edcar - Venta Del Viso Nn",
        "short": "M-301",
        "text_color": "FFFFFF",
        "type_label": "Bus"
      },
      {
        "color": "FFCC00",
        "color_name": "yellow",
        "has_shape": true,
        "id": "6_18",
        "label": "M-320",
        "long": "Almer\u00eda - Castell Del Rey/El Parador - Felix - Enix Nn",
        "short": "M-320",
        "text_color": "FFFFFF",
        "type_label": "Bus"
      },
      {
        "color": "FF6666",
        "color_name": "pink",
        "has_shape": true,
        "id": "6_19",
        "label": "M-330",
        "long": "Almer\u00eda - Aguadulce - Roquetas - Las Marinas Nn",
        "short": "M-330",
        "text_color": "FFFFFF",
        "type_label": "Bus"
      },
      {
        "color": "CC0099",
        "color_name": "pink",
        "has_shape": true,
        "id": "6_21",
        "label": "M-333",
        "long": "Almer\u00eda - Aguadulce - Roquetas - San Agust\u00edn - Almerimar Nn",
        "short": "M-333",
        "text_color": "FFFFFF",
        "type_label": "Bus"
      },
      {
        "color": "FF9966",
        "color_name": "pink",
        "has_shape": true,
        "id": "6_22",
        "label": "M-334",
        "long": "Roquetas - La Mojonera - Las Norias - Hospital Poniente Nn",
        "short": "M-334",
        "text_color": "FFFFFF",
        "type_label": "Bus"
      },
      {
        "color": "FF9966",
        "color_name": "pink",
        "has_shape": true,
        "id": "6_26",
        "label": "M-351",
        "long": "Almer\u00eda - Aguadulce - Barrio Archilla - La Mojonera - Las Norias - El Ejido Nn",
        "short": "M-351",
        "text_color": "FFFFFF",
        "type_label": "Bus"
      },
      {
        "color": "FF6600",
        "color_name": "orange",
        "has_shape": true,
        "id": "6_29",
        "label": "M-354",
        "long": "San Agust\u00edn - La Mojonera - Las Norias - El Ejido Nn",
        "short": "M-354",
        "text_color": "FFFFFF",
        "type_label": "Bus"
      },
      {
        "color": "33CCFF",
        "color_name": "teal",
        "has_shape": true,
        "id": "6_3",
        "label": "M-102",
        "long": "Almer\u00eda - Hu\u00e9rcal - Viator - Pechina Nn",
        "short": "M-102",
        "text_color": "FFFFFF",
        "type_label": "Bus"
      },
      {
        "color": "FF6633",
        "color_name": "orange",
        "has_shape": true,
        "id": "6_32",
        "label": "M-370",
        "long": "Almer\u00eda - Aguadulce - El Parador - Puebla De V\u00edcar - El Ejido - Dal\u00edas - Berja Nn",
        "short": "M-370",
        "text_color": "FFFFFF",
        "type_label": "Bus"
      },
      {
        "color": "FF6633",
        "color_name": "orange",
        "has_shape": true,
        "id": "6_37",
        "label": "M-372",
        "long": "Santa Mar\u00eda Del \u00c1guila - El Ejido - Dal\u00edas - Berja Nn",
        "short": "M-372",
        "text_color": "FFFFFF",
        "type_label": "Bus"
      },
      {
        "color": "FF6600",
        "color_name": "orange",
        "has_shape": true,
        "id": "6_38",
        "label": "M-373",
        "long": "Adra - Berja Nn",
        "short": "M-373",
        "text_color": "FFFFFF",
        "type_label": "Bus"
      },
      {
        "color": "0099FF",
        "color_name": "teal",
        "has_shape": true,
        "id": "6_4",
        "label": "M-103",
        "long": "Almer\u00eda - Los Pinos - Benahadux - G\u00e1dor - Alhama De Almer\u00eda Nn",
        "short": "M-103",
        "text_color": "FFFFFF",
        "type_label": "Bus"
      },
      {
        "color": "FF6600",
        "color_name": "orange",
        "has_shape": true,
        "id": "6_40",
        "label": "M-380",
        "long": "Almer\u00eda - Aguadulce - El Parador - Puebla De V\u00edcar - El Ejido - Adra Nn",
        "short": "M-380",
        "text_color": "FFFFFF",
        "type_label": "Bus"
      },
      {
        "color": "FF6600",
        "color_name": "orange",
        "has_shape": true,
        "id": "6_41",
        "label": "M-381",
        "long": "Almer\u00eda - El Ejido - Adra Nn",
        "short": "M-381",
        "text_color": "FFFFFF",
        "type_label": "Bus"
      },
      {
        "color": "FF6600",
        "color_name": "orange",
        "has_shape": true,
        "id": "6_47",
        "label": "M-383",
        "long": "Almer\u00eda - Aguadulce - El Parador - Puebla De V\u00edcar - El Ejido - Guardias Viejas - Balerma Nn",
        "short": "M-383",
        "text_color": "FFFFFF",
        "type_label": "Bus"
      },
      {
        "color": "CC0000",
        "color_name": "red",
        "has_shape": true,
        "id": "6_49",
        "label": "M-999",
        "long": "Aguadulce - Roquetas - Las Marinas",
        "short": "M-999",
        "text_color": "FFFFFF",
        "type_label": "Bus"
      },
      {
        "color": "006600",
        "color_name": "green",
        "has_shape": true,
        "id": "6_6",
        "label": "M-201",
        "long": "Almer\u00eda - Los Molinos - El Mam\u00ed - Venta Gaspar - El Alqui\u00e1n Nn",
        "short": "M-201",
        "text_color": "FFFFFF",
        "type_label": "Bus"
      },
      {
        "color": "1A7A46",
        "color_name": "green",
        "has_shape": true,
        "id": "6_64",
        "label": "M-216",
        "long": "Servicio Lanzadera San Jos\u00e9 - Calas P.Natural",
        "short": "M-216",
        "text_color": "FFFFFF",
        "type_label": "Bus"
      },
      {
        "color": "009900",
        "color_name": "green",
        "has_shape": true,
        "id": "6_7",
        "label": "M-212",
        "long": "Almer\u00eda - Hospital El Toyo - San Jos\u00e9 - La Isleta Del Moro Nn",
        "short": "M-212",
        "text_color": "FFFFFF",
        "type_label": "Bus"
      },
      {
        "color": "FF0000",
        "color_name": "red",
        "has_shape": true,
        "id": "6_9",
        "label": "M-106",
        "long": "Almer\u00eda - Santa Fe De Mond\u00fajar Nn",
        "short": "M-106",
        "text_color": "FFFFFF",
        "type_label": "Bus"
      },
      {
        "color": "CC0000",
        "color_name": "red",
        "has_shape": true,
        "id": "6_97",
        "label": "M-100",
        "long": "Circular Hu\u00e9rcal De Almer\u00eda",
        "short": "M-100",
        "text_color": "FFFFFF",
        "type_label": "Bus"
      },
      {
        "color": "FF0000",
        "color_name": "red",
        "has_shape": true,
        "id": "7_14",
        "label": "M1-5",
        "long": "Quesada - Ja\u00e9n",
        "short": "M1-5",
        "text_color": "FFFFFF",
        "type_label": "Bus"
      },
      {
        "color": "FF0000",
        "color_name": "red",
        "has_shape": true,
        "id": "7_15",
        "label": "M1-6",
        "long": "J\u00f3dar - Ja\u00e9n",
        "short": "M1-6",
        "text_color": "FFFFFF",
        "type_label": "Bus"
      },
      {
        "color": "FF0000",
        "color_name": "red",
        "has_shape": true,
        "id": "7_17",
        "label": "M1-9",
        "long": "Mancha Real - Ja\u00e9n",
        "short": "M1-9",
        "text_color": "FFFFFF",
        "type_label": "Bus"
      },
      {
        "color": "FF0000",
        "color_name": "red",
        "has_shape": true,
        "id": "7_18",
        "label": "M1-10",
        "long": "Ja\u00e9n - La Guardia De Ja\u00e9n Por Puente Nuevo",
        "short": "M1-10",
        "text_color": "FFFFFF",
        "type_label": "Bus"
      },
      {
        "color": "FF0000",
        "color_name": "red",
        "has_shape": true,
        "id": "7_19",
        "label": "M1-11",
        "long": "Ja\u00e9n - La Guardia De Ja\u00e9n Por Puente Jontoya",
        "short": "M1-11",
        "text_color": "FFFFFF",
        "type_label": "Bus"
      },
      {
        "color": "FF3399",
        "color_name": "pink",
        "has_shape": true,
        "id": "7_20",
        "label": "M1-14",
        "long": "Albanchez De Magina - Ja\u00e9n",
        "short": "M1-14",
        "text_color": "FFFFFF",
        "type_label": "Bus"
      },
      {
        "color": "333399",
        "color_name": "blue",
        "has_shape": true,
        "id": "7_203",
        "label": "M04-8",
        "long": "Linares - Ja\u00e9n",
        "short": "M04-8",
        "text_color": "FFFFFF",
        "type_label": "Bus"
      },
      {
        "color": "FF3333",
        "color_name": "red",
        "has_shape": true,
        "id": "7_205",
        "label": "M04-15",
        "long": "Ja\u00e9n - Mengibar",
        "short": "M04-15",
        "text_color": "FFFFFF",
        "type_label": "Bus"
      },
      {
        "color": "0000FF",
        "color_name": "blue",
        "has_shape": true,
        "id": "7_21",
        "label": "M1-20",
        "long": "Pozo Alc\u00f3n - Ja\u00e9n",
        "short": "M1-20",
        "text_color": "FFFFFF",
        "type_label": "Bus"
      },
      {
        "color": "FFFF00",
        "color_name": "yellow",
        "has_shape": true,
        "id": "7_216",
        "label": "M15-3",
        "long": "And\u00fajar - Ja\u00e9n",
        "short": "M15-3",
        "text_color": "FFFFFF",
        "type_label": "Bus"
      },
      {
        "color": "0000FF",
        "color_name": "blue",
        "has_shape": true,
        "id": "7_22",
        "label": "M1-21",
        "long": "Torres - Ja\u00e9n",
        "short": "M1-21",
        "text_color": "FFFFFF",
        "type_label": "Bus"
      },
      {
        "color": "FF33CC",
        "color_name": "pink",
        "has_shape": true,
        "id": "7_254",
        "label": "M15-4",
        "long": "Ja\u00e9n-Lahiguera-Arjona-And\u00fajar",
        "short": "M15-4",
        "text_color": "FFFFFF",
        "type_label": "Bus"
      },
      {
        "color": "FFFF00",
        "color_name": "yellow",
        "has_shape": true,
        "id": "7_255",
        "label": "M15-5",
        "long": "And\u00fajar-Arjonilla-Arjona",
        "short": "M15-5",
        "text_color": "FFFFFF",
        "type_label": "Bus"
      },
      {
        "color": "66FF99",
        "color_name": "gray",
        "has_shape": true,
        "id": "7_276",
        "label": "M15-7",
        "long": "Ja\u00e9n - And\u00fajar - Marmolejo",
        "short": "M15-7",
        "text_color": "FFFFFF",
        "type_label": "Bus"
      },
      {
        "color": "0000FF",
        "color_name": "blue",
        "has_shape": true,
        "id": "7_278",
        "label": "M20-01",
        "long": "Ja\u00e9n - Martos  2024",
        "short": "M20-01",
        "text_color": "FFFFFF",
        "type_label": "Bus"
      },
      {
        "color": "0000FF",
        "color_name": "blue",
        "has_shape": true,
        "id": "7_279",
        "label": "M20-02",
        "long": "Ja\u00e9n - Jamilena  2024",
        "short": "M20-02",
        "text_color": "FFFFFF",
        "type_label": "Bus"
      },
      {
        "color": "0000FF",
        "color_name": "blue",
        "has_shape": true,
        "id": "7_280",
        "label": "M20-03",
        "long": "Ja\u00e9n - Villardompardo  2024",
        "short": "M20-03",
        "text_color": "FFFFFF",
        "type_label": "Bus"
      },
      {
        "color": "0000FF",
        "color_name": "blue",
        "has_shape": true,
        "id": "7_281",
        "label": "M20-04",
        "long": "Ja\u00e9n - Alcaudete  2024",
        "short": "M20-04",
        "text_color": "FFFFFF",
        "type_label": "Bus"
      },
      {
        "color": "0000FF",
        "color_name": "blue",
        "has_shape": true,
        "id": "7_282",
        "label": "M20-05",
        "long": "Ja\u00e9n - Martos (Directo)  2024",
        "short": "M20-05",
        "text_color": "FFFFFF",
        "type_label": "Bus"
      },
      {
        "color": "0000FF",
        "color_name": "blue",
        "has_shape": true,
        "id": "7_283",
        "label": "M20-06",
        "long": "Ja\u00e9n - C\u00f3rdoba (Ruta)  2024",
        "short": "M20-06",
        "text_color": "FFFFFF",
        "type_label": "Bus"
      },
      {
        "color": "0000FF",
        "color_name": "blue",
        "has_shape": true,
        "id": "7_285",
        "label": "M20-08",
        "long": "Ja\u00e9n - Lopera  2024",
        "short": "M20-08",
        "text_color": "FFFFFF",
        "type_label": "Bus"
      },
      {
        "color": "0000FF",
        "color_name": "blue",
        "has_shape": true,
        "id": "7_286",
        "label": "M20-10",
        "long": "Ja\u00e9n - Torredelcampo  2024",
        "short": "M20-10",
        "text_color": "FFFFFF",
        "type_label": "Bus"
      },
      {
        "color": "0000FF",
        "color_name": "blue",
        "has_shape": true,
        "id": "7_287",
        "label": "M20-11",
        "long": "Fuensanta De Martos - Ja\u00e9n  2024",
        "short": "M20-11",
        "text_color": "FFFFFF",
        "type_label": "Bus"
      },
      {
        "color": "0000FF",
        "color_name": "blue",
        "has_shape": true,
        "id": "7_288",
        "label": "M20-12",
        "long": "Ja\u00e9n - Esca\u00f1uela  2024",
        "short": "M20-12",
        "text_color": "FFFFFF",
        "type_label": "Bus"
      },
      {
        "color": "0000FF",
        "color_name": "blue",
        "has_shape": true,
        "id": "7_289",
        "label": "M20-13",
        "long": "Ja\u00e9n - Jamilena - Martos  2024",
        "short": "M20-13",
        "text_color": "FFFFFF",
        "type_label": "Bus"
      },
      {
        "color": "FFCC33",
        "color_name": "yellow",
        "has_shape": true,
        "id": "7_294",
        "label": "M9-1",
        "long": "Carcheles - Ja\u00e9n (2024)",
        "short": "M9-1",
        "text_color": "FFFFFF",
        "type_label": "Bus"
      },
      {
        "color": "CC3300",
        "color_name": "red",
        "has_shape": true,
        "id": "7_32",
        "label": "M3-60",
        "long": "Granada - Cazorla",
        "short": "M3-60",
        "text_color": "FFFFFF",
        "type_label": "Bus"
      },
      {
        "color": "66FF99",
        "color_name": "gray",
        "has_shape": true,
        "id": "7_321",
        "label": "M15-6",
        "long": "Ja\u00e9n - And\u00fajar - Lopera",
        "short": "M15-6",
        "text_color": "FFFFFF",
        "type_label": "Bus"
      },
      {
        "color": "CCFFCC",
        "color_name": "white",
        "has_shape": true,
        "id": "7_322",
        "label": "M20-22",
        "long": "Ja\u00e9n - Ciudad Jard\u00edn (La Guardia)",
        "short": "M20-22",
        "text_color": "FFFFFF",
        "type_label": "Bus"
      },
      {
        "color": "33CC33",
        "color_name": "green",
        "has_shape": true,
        "id": "7_324",
        "label": "M10-03",
        "long": "Ja\u00e9n -Torreblascopedro Por Vados De Torralba (2026)",
        "short": "M10-03",
        "text_color": "FFFFFF",
        "type_label": "Bus"
      },
      {
        "color": "FF6699",
        "color_name": "pink",
        "has_shape": true,
        "id": "7_325",
        "label": "M11-01",
        "long": "Ja\u00e9n - Pegalajar (2026)",
        "short": "M11-01",
        "text_color": "FFFFFF",
        "type_label": "Bus"
      },
      {
        "color": "FF0000",
        "color_name": "red",
        "has_shape": true,
        "id": "7_326",
        "label": "M10-01",
        "long": "Ja\u00e9n - Sotogordo Por Vados De Torralba(2026)",
        "short": "M10-01",
        "text_color": "FFFFFF",
        "type_label": "Bus"
      },
      {
        "color": "663366",
        "color_name": "purple",
        "has_shape": true,
        "id": "7_327",
        "label": "M10-02",
        "long": "Ja\u00e9n - Villargordo (2026)",
        "short": "M10-02",
        "text_color": "FFFFFF",
        "type_label": "Bus"
      },
      {
        "color": "66FF00",
        "color_name": "yellow",
        "has_shape": true,
        "id": "7_328",
        "label": "M17-01",
        "long": "Ja\u00e9n - Los Villares (2026)",
        "short": "M17-01",
        "text_color": "FFFFFF",
        "type_label": "Bus"
      },
      {
        "color": "FF0000",
        "color_name": "red",
        "has_shape": true,
        "id": "7_329",
        "label": "M17-02",
        "long": "Ja\u00e9n - Valdepe\u00f1as (2026)",
        "short": "M17-02",
        "text_color": "FFFFFF",
        "type_label": "Bus"
      },
      {
        "color": "CC3300",
        "color_name": "red",
        "has_shape": true,
        "id": "7_34",
        "label": "M3-80",
        "long": "Ja\u00e9n - Villarrodrigo",
        "short": "M3-80",
        "text_color": "FFFFFF",
        "type_label": "Bus"
      },
      {
        "color": "CC3300",
        "color_name": "red",
        "has_shape": true,
        "id": "7_35",
        "label": "M3-103",
        "long": "\u00dabeda - Ja\u00e9n",
        "short": "M3-103",
        "text_color": "FFFFFF",
        "type_label": "Bus"
      },
      {
        "color": "FF3333",
        "color_name": "red",
        "has_shape": true,
        "id": "7_61",
        "label": "M15-1",
        "long": "Ja\u00e9n - Fuerte Del Rey",
        "short": "M15-1",
        "text_color": "FFFFFF",
        "type_label": "Bus"
      },
      {
        "color": "00FF33",
        "color_name": "green",
        "has_shape": true,
        "id": "7_62",
        "label": "M15-2",
        "long": "And\u00fajar - Ja\u00e9n Por Fuerte Del Rey",
        "short": "M15-2",
        "text_color": "FFFFFF",
        "type_label": "Bus"
      },
      {
        "color": "66FFFF",
        "color_name": "white",
        "has_shape": true,
        "id": "7_71",
        "label": "M16-1",
        "long": "Santa Elena - Ja\u00e9n",
        "short": "M16-1",
        "text_color": "FFFFFF",
        "type_label": "Bus"
      },
      {
        "color": "FF00FF",
        "color_name": "pink",
        "has_shape": true,
        "id": "8_10",
        "label": "M-212",
        "long": "C\u00f3rdoba - Villaharta (Empalme)",
        "short": "M-212",
        "text_color": "FFFFFF",
        "type_label": "Bus"
      },
      {
        "color": "FF0000",
        "color_name": "red",
        "has_shape": true,
        "id": "8_11",
        "label": "M-220",
        "long": "C\u00f3rdoba - Villa Del R\u00edo",
        "short": "M-220",
        "text_color": "FFFFFF",
        "type_label": "Bus"
      },
      {
        "color": "FF0000",
        "color_name": "red",
        "has_shape": true,
        "id": "8_12",
        "label": "M-221",
        "long": "C\u00f3rdoba - Villafranca De C\u00f3rdoba",
        "short": "M-221",
        "text_color": "FFFFFF",
        "type_label": "Bus"
      },
      {
        "color": "FF0000",
        "color_name": "red",
        "has_shape": true,
        "id": "8_124",
        "label": "M-140",
        "long": "C\u00f3rdoba - San Sebasti\u00e1n De Los Ballesteros",
        "short": "M-140",
        "text_color": "FFFFFF",
        "type_label": "Bus"
      },
      {
        "color": "FF0000",
        "color_name": "red",
        "has_shape": true,
        "id": "8_13",
        "label": "M-230",
        "long": "C\u00f3rdoba - Baena",
        "short": "M-230",
        "text_color": "FFFFFF",
        "type_label": "Bus"
      },
      {
        "color": "FF0000",
        "color_name": "red",
        "has_shape": true,
        "id": "8_15",
        "label": "M-241",
        "long": "C\u00f3rdoba - Fuencubierta (La Carlota)",
        "short": "M-241",
        "text_color": "FFFFFF",
        "type_label": "Bus"
      },
      {
        "color": "FF0000",
        "color_name": "red",
        "has_shape": true,
        "id": "8_16",
        "label": "M-242",
        "long": "C\u00f3rdoba - Montemayor",
        "short": "M-242",
        "text_color": "FFFFFF",
        "type_label": "Bus"
      },
      {
        "color": "FF0000",
        "color_name": "red",
        "has_shape": true,
        "id": "8_17",
        "label": "M-243",
        "long": "C\u00f3rdoba - La Guijarrosa",
        "short": "M-243",
        "text_color": "FFFFFF",
        "type_label": "Bus"
      },
      {
        "color": "FF0000",
        "color_name": "red",
        "has_shape": true,
        "id": "8_18",
        "label": "M-250",
        "long": "C\u00f3rdoba - Posadas",
        "short": "M-250",
        "text_color": "FFFFFF",
        "type_label": "Bus"
      },
      {
        "color": "0000FF",
        "color_name": "blue",
        "has_shape": true,
        "id": "8_8",
        "label": "M-110",
        "long": "C\u00f3rdoba - Villaviciosa De C\u00f3rdoba",
        "short": "M-110",
        "text_color": "FFFFFF",
        "type_label": "Bus"
      },
      {
        "color": "00FF00",
        "color_name": "green",
        "has_shape": true,
        "id": "8_9",
        "label": "M-211",
        "long": "C\u00f3rdoba - Villaharta (Empalme) - Villaharta (Pueblo)",
        "short": "M-211",
        "text_color": "FFFFFF",
        "type_label": "Bus"
      },
      {
        "color": "6633CC",
        "color_name": "purple",
        "has_shape": true,
        "id": "9_15",
        "label": "M-100",
        "long": "Huelva-Gibraleon",
        "short": "M-100",
        "text_color": "FFFFFF",
        "type_label": "Bus"
      },
      {
        "color": "FFFF00",
        "color_name": "yellow",
        "has_shape": true,
        "id": "9_16",
        "label": "M-101",
        "long": "Huelva-Trigueros-Beas",
        "short": "M-101",
        "text_color": "FFFFFF",
        "type_label": "Bus"
      },
      {
        "color": "FF9900",
        "color_name": "orange",
        "has_shape": true,
        "id": "9_17",
        "label": "M-102",
        "long": "Huelva-La Alqueria-Centro Penitenciario",
        "short": "M-102",
        "text_color": "FFFFFF",
        "type_label": "Bus"
      },
      {
        "color": "66FFCC",
        "color_name": "white",
        "has_shape": true,
        "id": "9_20",
        "label": "M-201",
        "long": "Huelva-Villanueva De Los Castillejos-Paymogo",
        "short": "M-201",
        "text_color": "FFFFFF",
        "type_label": "Bus"
      },
      {
        "color": "66FFCC",
        "color_name": "white",
        "has_shape": true,
        "id": "9_21",
        "label": "M-202",
        "long": "Huelva-Villanueva De Los Castillejos-Sanlucar De Guadiana",
        "short": "M-202",
        "text_color": "FFFFFF",
        "type_label": "Bus"
      },
      {
        "color": "66FFCC",
        "color_name": "white",
        "has_shape": true,
        "id": "9_22",
        "label": "M-203",
        "long": "Huelva-Tharsis-El Rosal",
        "short": "M-203",
        "text_color": "FFFFFF",
        "type_label": "Bus"
      },
      {
        "color": "FF33CC",
        "color_name": "pink",
        "has_shape": true,
        "id": "9_23",
        "label": "M-204",
        "long": "Huelva-Higuera-Aracena",
        "short": "M-204",
        "text_color": "FFFFFF",
        "type_label": "Bus"
      },
      {
        "color": "FF33FF",
        "color_name": "pink",
        "has_shape": true,
        "id": "9_24",
        "label": "M-205",
        "long": "Huelva-Nerva",
        "short": "M-205",
        "text_color": "FFFFFF",
        "type_label": "Bus"
      },
      {
        "color": "FF33FF",
        "color_name": "pink",
        "has_shape": true,
        "id": "9_25",
        "label": "M-206",
        "long": "Huelva-Valverde Del Camino",
        "short": "M-206",
        "text_color": "FFFFFF",
        "type_label": "Bus"
      },
      {
        "color": "33FF00",
        "color_name": "green",
        "has_shape": true,
        "id": "9_26",
        "label": "M-207",
        "long": "Huelva-Cortegana-Aroche",
        "short": "M-207",
        "text_color": "FFFFFF",
        "type_label": "Bus"
      },
      {
        "color": "33FF00",
        "color_name": "green",
        "has_shape": true,
        "id": "9_27",
        "label": "M-208",
        "long": "Huelva-Encinasola",
        "short": "M-208",
        "text_color": "FFFFFF",
        "type_label": "Bus"
      },
      {
        "color": "33FF00",
        "color_name": "green",
        "has_shape": true,
        "id": "9_28",
        "label": "M-209",
        "long": "Huelva-Aracena-Hinojales-Cumbres Mayores",
        "short": "M-209",
        "text_color": "FFFFFF",
        "type_label": "Bus"
      },
      {
        "color": "990033",
        "color_name": "red",
        "has_shape": true,
        "id": "9_29",
        "label": "M-210",
        "long": "Huelva-Alosno-Santa Barbara",
        "short": "M-210",
        "text_color": "FFFFFF",
        "type_label": "Bus"
      },
      {
        "color": "99FF33",
        "color_name": "yellow",
        "has_shape": true,
        "id": "9_3",
        "label": "M-306",
        "long": "Huelva-Corrales-La Redondela-Isla Cristina",
        "short": "M-306",
        "text_color": "FFFFFF",
        "type_label": "Bus"
      },
      {
        "color": "990033",
        "color_name": "red",
        "has_shape": true,
        "id": "9_30",
        "label": "M-211",
        "long": "Huelva-Villanueva De Los Castillejos-Santa Barbara",
        "short": "M-211",
        "text_color": "FFFFFF",
        "type_label": "Bus"
      },
      {
        "color": "FF00FF",
        "color_name": "pink",
        "has_shape": true,
        "id": "9_31",
        "label": "M-212",
        "long": "Huelva-Valverde Del Camino-El Cerro Del Andevalo",
        "short": "M-212",
        "text_color": "FFFFFF",
        "type_label": "Bus"
      },
      {
        "color": "009900",
        "color_name": "green",
        "has_shape": true,
        "id": "9_32",
        "label": "M-300",
        "long": "Huelva-Bellavista-Aljaraque",
        "short": "M-300",
        "text_color": "FFFFFF",
        "type_label": "Bus"
      },
      {
        "color": "0066FF",
        "color_name": "blue",
        "has_shape": true,
        "id": "9_33",
        "label": "M-301",
        "long": "Huelva-Aljaraque-Punta Umbria",
        "short": "M-301",
        "text_color": "FFFFFF",
        "type_label": "Bus"
      },
      {
        "color": "339999",
        "color_name": "teal",
        "has_shape": true,
        "id": "9_34",
        "label": "M-302",
        "long": "Huelva-Punta Umbria",
        "short": "M-302",
        "text_color": "FFFFFF",
        "type_label": "Bus"
      },
      {
        "color": "660066",
        "color_name": "purple",
        "has_shape": true,
        "id": "9_35",
        "label": "M-307",
        "long": "Huelva-La Bota-El Portil-El Rompido-Cartaya",
        "short": "M-307",
        "text_color": "FFFFFF",
        "type_label": "Bus"
      },
      {
        "color": "006600",
        "color_name": "green",
        "has_shape": true,
        "id": "9_36",
        "label": "M-309",
        "long": "Huelva-La Antilla-Isla Cristina",
        "short": "M-309",
        "text_color": "FFFFFF",
        "type_label": "Bus"
      },
      {
        "color": "CC00CC",
        "color_name": "pink",
        "has_shape": true,
        "id": "9_43",
        "label": "M-400",
        "long": "Huelva-San Juan Del Puerto-Moguer",
        "short": "M-400",
        "text_color": "FFFFFF",
        "type_label": "Bus"
      },
      {
        "color": "669900",
        "color_name": "brown",
        "has_shape": true,
        "id": "9_45",
        "label": "M-402",
        "long": "Huelva-Palos De La Frontera-Mazag\u00f3n",
        "short": "M-402",
        "text_color": "FFFFFF",
        "type_label": "Bus"
      },
      {
        "color": "3300FF",
        "color_name": "blue",
        "has_shape": true,
        "id": "9_46",
        "label": "M-403",
        "long": "Huelva-Palos De La Frontera-Moguer",
        "short": "M-403",
        "text_color": "FFFFFF",
        "type_label": "Bus"
      },
      {
        "color": "FF0033",
        "color_name": "red",
        "has_shape": true,
        "id": "9_47",
        "label": "M-404",
        "long": "Huelva-Bonares",
        "short": "M-404",
        "text_color": "FFFFFF",
        "type_label": "Bus"
      },
      {
        "color": "330000",
        "color_name": "black",
        "has_shape": true,
        "id": "9_48",
        "label": "M-405",
        "long": "Huelva-Rociana-Almonte-Bollullos Par Del Condado",
        "short": "M-405",
        "text_color": "FFFFFF",
        "type_label": "Bus"
      },
      {
        "color": "333333",
        "color_name": "black",
        "has_shape": true,
        "id": "9_5",
        "label": "M-310",
        "long": "Huelva-Isla Cristina-Ayamonte",
        "short": "M-310",
        "text_color": "FFFFFF",
        "type_label": "Bus"
      },
      {
        "color": "000033",
        "color_name": "black",
        "has_shape": true,
        "id": "9_50",
        "label": "M-407",
        "long": "Huelva-Bonares-Almonte-Bollullos Par Del Condado",
        "short": "M-407",
        "text_color": "FFFFFF",
        "type_label": "Bus"
      },
      {
        "color": "660099",
        "color_name": "purple",
        "has_shape": true,
        "id": "9_54",
        "label": "M-411",
        "long": "Huelva-Paterna-Escacena-Hinojos",
        "short": "M-411",
        "text_color": "FFFFFF",
        "type_label": "Bus"
      },
      {
        "color": "990066",
        "color_name": "red",
        "has_shape": true,
        "id": "9_55",
        "label": "M-412",
        "long": "Huelva-Bollullos Par Del Condado-Paterna-Hinojos",
        "short": "M-412",
        "text_color": "FFFFFF",
        "type_label": "Bus"
      },
      {
        "color": "0000CC",
        "color_name": "blue",
        "has_shape": true,
        "id": "9_59",
        "label": "M-416",
        "long": "Almonte-Torre Higuera",
        "short": "M-416",
        "text_color": "FFFFFF",
        "type_label": "Bus"
      },
      {
        "color": "990066",
        "color_name": "red",
        "has_shape": true,
        "id": "9_6",
        "label": "M-312",
        "long": "Ayamonte-Punta Del Moral (Circular)",
        "short": "M-312",
        "text_color": "FFFFFF",
        "type_label": "Bus"
      },
      {
        "color": "000033",
        "color_name": "black",
        "has_shape": true,
        "id": "9_64",
        "label": "M-900",
        "long": "Huelva-Sevilla Por Cn-431",
        "short": "M-900",
        "text_color": "FFFFFF",
        "type_label": "Bus"
      },
      {
        "color": "0099FF",
        "color_name": "teal",
        "has_shape": true,
        "id": "9_66",
        "label": "M-902",
        "long": "Ayamonte-Huelva-Sevilla",
        "short": "M-902",
        "text_color": "FFFFFF",
        "type_label": "Bus"
      },
      {
        "color": "FF6600",
        "color_name": "orange",
        "has_shape": true,
        "id": "9_7",
        "label": "M-314",
        "long": "Isla Cristina-Ayamonte",
        "short": "M-314",
        "text_color": "FFFFFF",
        "type_label": "Bus"
      },
      {
        "color": "669900",
        "color_name": "brown",
        "has_shape": true,
        "id": "9_70",
        "label": "M-906",
        "long": "Sevilla-Hinojos-Almonte-Bollullos-Rociana",
        "short": "M-906",
        "text_color": "FFFFFF",
        "type_label": "Bus"
      },
      {
        "color": "FF0000",
        "color_name": "red",
        "has_shape": true,
        "id": "9_75",
        "label": "M-911",
        "long": "Sevilla-Hinojos-Almonte-Ca\u00f1o Guerrero",
        "short": "M-911",
        "text_color": "FFFFFF",
        "type_label": "Bus"
      },
      {
        "color": "FF0066",
        "color_name": "red",
        "has_shape": true,
        "id": "9_76",
        "label": "M-912",
        "long": "Sevillla-Huelva-Isla Cristina-Ayamonte",
        "short": "M-912",
        "text_color": "FFFFFF",
        "type_label": "Bus"
      },
      {
        "color": "009900",
        "color_name": "green",
        "has_shape": true,
        "id": "9_8",
        "label": "M-316",
        "long": "Huelva-Ayamonte-San Silvestre De Guzman",
        "short": "M-316",
        "text_color": "FFFFFF",
        "type_label": "Bus"
      }
    ],
    "stop_count": 5033,
    "stop_points_capped": true
  },
  "rubric_version": "1.3",
  "schema_version": "1.18",
  "scoring_profile": {
    "id": "gtfs-scorecard-1.3",
    "provenance": "GTFS Scorecard's project-authored weights, deductions, thresholds, grade bands, and fix ranking, informed by the California Transit Data Guidelines and the MobilityData gtfs-validator. It is not a worldwide standard or a compliance determination.",
    "rubric_version": "1.3"
  },
  "snapshot_date": "2026-09-05",
  "top_fixes": [
    {
      "code": "scorecard_wheelchair_boarding_unknown",
      "count": 5033,
      "effort": "A column in stops.txt; your scheduling software likely has it.",
      "fix": "Set wheelchair_boarding to 1 (accessible) or 2 (not accessible) for every stop. A field survey can start with the busiest stops.",
      "owner": "Likely your team",
      "points": 25.0,
      "rank": 1,
      "severity": "WARNING",
      "what": "5033 of 5033 stops don't say whether a wheelchair user can board there.",
      "why": "Riders who use wheelchairs can't plan a trip when accessibility is marked 'unknown'; apps show no information at all."
    },
    {
      "code": "scorecard_wheelchair_accessible_unknown",
      "count": 16958,
      "effort": "A default or per-trip field in your export.",
      "fix": "Set wheelchair_accessible on every trip. If every vehicle is accessible, this may be one default; otherwise use the value for each trip.",
      "owner": "Likely your export tool",
      "points": 15.0,
      "rank": 2,
      "severity": "WARNING",
      "what": "16958 of 16958 trips don't say whether the vehicle is wheelchair accessible.",
      "why": "Even with accessible stops, riders need to know the transit vehicle itself can take them."
    },
    {
      "code": "scorecard_missing_feed_info_dates",
      "count": 1,
      "effort": "Two fields, set once in export settings.",
      "fix": "Add feed_info.txt with feed_start_date and feed_end_date to your export.",
      "owner": "Likely your export tool",
      "points": 15.0,
      "rank": 3,
      "severity": "WARNING",
      "what": "feed_info.txt is missing its start/end dates (the file itself is absent)",
      "why": "Apps and this scorecard can't warn anyone before the feed goes stale without stated validity dates."
    }
  ],
  "validator_version": "8.0.1"
}
