{
  "agency": {
    "country": "PT",
    "id": "cim-cavado-lote-2",
    "name": "Transdev & Avic C\u00e1vado (CIM C\u00e1vado, lote 2)",
    "operating_note": "The second operating lot of the CIM C\u00e1vado intermunicipal bus network in Braga district, with 48 routes.",
    "subdivision_code": "PT-03",
    "subdivision_name": "Braga"
  },
  "categories": {
    "completeness": {
      "details": {
        "accessibility": {
          "measures": "presence_not_usability",
          "score": 0.0,
          "stops_marked_accessible_pct": 0.0,
          "stops_marked_not_accessible_pct": 0.0,
          "stops_stated_pct": 0.0,
          "trips_stated_pct": 0.0
        },
        "accessibility_measures": "presence_not_usability",
        "cemv": {
          "declared": false,
          "supported": false
        },
        "components": {
          "contact": 7.5,
          "fares": 15.0,
          "headsigns": 0.0,
          "stop_names": 15.0,
          "wheelchair_stops": 0.0,
          "wheelchair_trips": 0.0
        },
        "fare_free": false,
        "fares": {
          "applied": true,
          "has_leg_rules": false,
          "has_products": false,
          "has_transfer_rules": false,
          "model": "legacy",
          "product_count": 0
        },
        "flex": {
          "booking_reachable": false,
          "booking_rule_count": 0,
          "has_booking_rules": false,
          "has_flex": false
        },
        "has_fares": true,
        "headsign_applicable_trips": 678,
        "headsign_loop_exempt_trips": 0,
        "headsign_pct": 0.0,
        "headsign_scored_pct": 0.0,
        "mixed_case_stop_name_pct": 99.9,
        "pathways": {
          "has_entrances": false,
          "has_levels": false,
          "has_pathways": false,
          "has_stations": true,
          "has_step_free": false,
          "pathway_count": 0
        },
        "stops": 8415,
        "translations": {
          "feed_lang": "pt",
          "has_translations": false,
          "languages": [],
          "translated_tables": [],
          "translation_count": 0
        },
        "trips": 678,
        "unmeasured_components": [],
        "wheelchair_accessible_pct": 0.0,
        "wheelchair_boarding_pct": 0.0,
        "wheelchair_marked_accessible_pct": 0.0,
        "wheelchair_marked_not_accessible_pct": 0.0
      },
      "findings": [
        {
          "code": "scorecard_wheelchair_boarding_unknown",
          "count": 8415,
          "effort": "A column in stops.txt; your scheduling software likely has it.",
          "fix": "Set wheelchair_boarding to 1 (accessible) or 2 (not accessible) for every stop. A field survey can start with the busiest stops.",
          "owner": "Likely your team",
          "points": 25.0,
          "severity": "WARNING",
          "what": "8415 of 8415 stops don't say whether a wheelchair user can board there.",
          "why": "Riders who use wheelchairs can't plan a trip when accessibility is marked 'unknown'; apps show no information at all."
        },
        {
          "code": "scorecard_wheelchair_accessible_unknown",
          "count": 678,
          "effort": "A default or per-trip field in your export.",
          "fix": "Set wheelchair_accessible on every trip. If every vehicle is accessible, this may be one default; otherwise use the value for each trip.",
          "owner": "Likely your export tool",
          "points": 15.0,
          "severity": "WARNING",
          "what": "678 of 678 trips don't say whether the vehicle is wheelchair accessible.",
          "why": "Even with accessible stops, riders need to know the bus itself can take them."
        },
        {
          "code": "scorecard_missing_headsigns",
          "count": 678,
          "effort": "Usually one value per route pattern in your scheduling source.",
          "fix": "Add the destination, direction, or 'via' label riders actually see to trip_headsign. Do not copy the route name. If the label changes during the trip, use stop_headsign.",
          "owner": "",
          "points": 15.0,
          "severity": "WARNING",
          "what": "678 of 678 trips have no headsign, the text that tells riders where the bus is going.",
          "why": "When a route has multiple directions or patterns, the route name alone may not tell riders which service is coming."
        },
        {
          "code": "scorecard_no_feed_contact",
          "count": 1,
          "effort": "One field.",
          "fix": "Add feed_contact_email to feed_info.txt.",
          "owner": "",
          "points": 7.5,
          "severity": "INFO",
          "what": "feed_info.txt has no technical contact (feed_contact_email or feed_contact_url).",
          "why": "App makers and state data programs have nobody to email when they spot a problem. Small errors then sit in the feed for months."
        },
        {
          "code": "scorecard_station_no_pathways",
          "count": 1,
          "effort": "Worth it for multi-level or large stations; flat stops don't need it.",
          "fix": "Add pathways.txt to link entrances, platforms, and elevators. Give each one a level.",
          "owner": "",
          "points": 0.0,
          "severity": "WARNING",
          "what": "This feed models stations or entrances but has no pathways.txt.",
          "why": "Trip planners can't guide riders through the station, and there is no step-free route information for wheelchair users."
        }
      ],
      "name": "completeness",
      "score": 37.5,
      "status": "measured",
      "summary": "0% of stops state wheelchair accessibility (0% marked accessible, 0% marked not accessible). This measures what the feed publishes, not whether a stop is physically usable. Fare data is published.",
      "weight": 0.25
    },
    "correctness": {
      "details": {
        "distinct_codes": 14,
        "instances_by_severity": {
          "ERROR": 46456,
          "INFO": 476,
          "WARNING": 7092
        },
        "validator_version": "8.0.1"
      },
      "findings": [
        {
          "code": "foreign_key_violation",
          "count": 46444,
          "effort": "Varies.",
          "fix": "Review the rule documentation for 'foreign_key_violation' at https://gtfs-validator.mobilitydata.org/rules.html and check the flagged rows in your feed.",
          "owner": "",
          "points": 24.0,
          "severity": "ERROR",
          "what": "Foreign key violation (flagged by the MobilityData validator).",
          "why": "See the linked rule for what this affects."
        },
        {
          "code": "trip_distance_exceeds_shape_distance",
          "count": 12,
          "effort": "Varies.",
          "fix": "Review the rule documentation for 'trip_distance_exceeds_shape_distance' at https://gtfs-validator.mobilitydata.org/rules.html and check the flagged rows in your feed.",
          "owner": "",
          "points": 18.0,
          "severity": "ERROR",
          "what": "Trip distance exceeds shape distance (flagged by the MobilityData validator).",
          "why": "See the linked rule for what this affects."
        },
        {
          "code": "stop_without_stop_time",
          "count": 6849,
          "effort": "A review pass in your scheduling software.",
          "fix": "Remove retired stops from the export, or add them back to the trips that should serve them.",
          "owner": "Likely your export tool",
          "points": 8.0,
          "severity": "WARNING",
          "what": "Some stops exist in the feed but no trip ever stops at them.",
          "why": "Riders may walk to a stop where no bus is scheduled to arrive."
        },
        {
          "code": "missing_recommended_field",
          "count": 130,
          "effort": "A field at a time; not urgent.",
          "fix": "Review the flagged fields and fill in the ones your riders would use.",
          "owner": "",
          "points": 8.0,
          "severity": "WARNING",
          "what": "Some files leave out fields that GTFS asks for but does not require.",
          "why": "Recommended fields like agency_phone or stop descriptions make the feed more useful to riders and trip planners."
        },
        {
          "code": "trip_distance_exceeds_shape_distance_below_threshold",
          "count": 83,
          "effort": "Usually an export-tool fix, not hand editing.",
          "fix": "Re-generate shape_dist_traveled on export so stop and shape distances use the same units.",
          "owner": "Likely your export tool",
          "points": 8.0,
          "severity": "WARNING",
          "what": "On some trips the stop distances run a little past the end of the route line.",
          "why": "The stop and shape distance values don't quite line up, so any math that uses them can drift."
        },
        {
          "code": "mixed_case_recommended_field",
          "count": 17,
          "effort": "Often a bulk fix in your scheduling software.",
          "fix": "Use mixed case for stop names and headsigns (e.g. 'Main St & 2nd Ave', not 'MAIN ST & 2ND AVE').",
          "owner": "Likely your export tool",
          "points": 6.0,
          "severity": "WARNING",
          "what": "Some rider-facing names are in ALL CAPS or all lowercase.",
          "why": "ALL-CAPS stop and headsign names are harder to read in apps and are read awkwardly by screen readers."
        },
        {
          "code": "stop_too_far_from_shape_using_user_distance",
          "count": 5,
          "effort": "Usually an export-tool fix, not hand editing.",
          "fix": "Check the flagged stops' shape_dist_traveled against the route shape, and re-generate it on export if they disagree.",
          "owner": "Likely your export tool",
          "points": 4.0,
          "severity": "WARNING",
          "what": "Some stops sit far from the route line, going by the feed's own distance values.",
          "why": "Trip planners may draw the route down the wrong streets or point riders to the wrong corner."
        },
        {
          "code": "expired_calendar",
          "count": 4,
          "effort": "One setting in most export tools.",
          "fix": "Remove past service periods the next time you export the feed.",
          "owner": "Likely your export tool",
          "points": 4.0,
          "severity": "WARNING",
          "what": "Some service calendars in the feed have already ended.",
          "why": "Expired calendars are dead weight and can hide real schedule problems from your staff and vendors."
        },
        {
          "code": "service_has_no_active_day_of_the_week",
          "count": 2,
          "effort": "A few minutes in your scheduling software.",
          "fix": "Delete the empty calendars or set their service days.",
          "owner": "Likely your export tool",
          "points": 4.0,
          "severity": "WARNING",
          "what": "Some service calendars have no days of the week switched on.",
          "why": "Trips tied to these calendars never run; they are dead data that can mask real schedule problems."
        },
        {
          "code": "missing_feed_contact_email_and_url",
          "count": 1,
          "effort": "One field, set once in export settings.",
          "fix": "Add feed_contact_email or feed_contact_url to feed_info.txt.",
          "owner": "Likely your export tool",
          "points": 4.0,
          "severity": "WARNING",
          "what": "feed_info.txt lists no contact email and no contact URL.",
          "why": "Without a contact, apps like Google Maps can't reach you when they find a problem in the feed."
        },
        {
          "code": "stops_match_shape_out_of_order",
          "count": 1,
          "effort": "A few minutes per flagged trip.",
          "fix": "Check the stop order and the shape direction in your scheduling software; the shape is often drawn backwards.",
          "owner": "Likely your export tool",
          "points": 4.0,
          "severity": "WARNING",
          "what": "On some trips the stops fall along the route line in a different order than the schedule lists.",
          "why": "Trip planners can draw the bus doubling back or skipping ahead, which confuses riders reading the map."
        },
        {
          "code": "big_gap_in_service",
          "count": 456,
          "effort": "A review of your calendar dates.",
          "fix": "Check whether the gap is real, like a seasonal break; if not, add the missing dates to the calendar.",
          "owner": "",
          "points": 1.0,
          "severity": "INFO",
          "what": "The feed has a stretch of two weeks or more with no service running.",
          "why": "A long gap can mean dates were left out of the calendar. Apps then show no trips on those days."
        },
        {
          "code": "service_window_outside_feed_period",
          "count": 19,
          "effort": "Two fields in feed_info.txt, or one export setting.",
          "fix": "Widen feed_start_date and feed_end_date to cover all service dates, or fix the dates that fall outside.",
          "owner": "Likely your export tool",
          "points": 0.8,
          "severity": "INFO",
          "what": "Some service dates fall outside the date window set in feed_info.txt.",
          "why": "feed_info.txt should span every day your service runs, so apps know when the data applies."
        },
        {
          "code": "unknown_file",
          "count": 1,
          "effort": "A quick look at the flagged file.",
          "fix": "Check the flagged file name for a typo of a standard GTFS file. Remove it if it is a vendor extra.",
          "owner": "",
          "points": 0.5,
          "severity": "INFO",
          "what": "The feed includes a file that is not part of the GTFS spec.",
          "why": "Apps ignore files they don't know, and a stray file can hide a misspelled standard file name."
        }
      ],
      "name": "correctness",
      "score": 5.8,
      "status": "measured",
      "summary": "The MobilityData validator flagged 14 kinds of issue across 54024 instances (46456 error, 7092 warning, 476 informational).",
      "weight": 0.35
    },
    "freshness": {
      "details": {
        "days_until_expiry": 117,
        "effective_expiry_date": "2026-12-31",
        "feed_end_date": "2026-12-31",
        "feed_start_date": "2025-12-01",
        "feed_version": "v9.4.1_L2",
        "has_feed_info": true,
        "last_service_date": "2026-12-31",
        "seasonal_boundary": false,
        "service_horizon_review_years": 10,
        "service_horizon_status": "within_review_threshold",
        "service_type": "fixed"
      },
      "findings": [],
      "name": "freshness",
      "score": 100.0,
      "status": "measured",
      "summary": "Service data covers the next 117 days.",
      "weight": 0.2
    },
    "realtime": {
      "name": "realtime",
      "status": "not_yet_measured",
      "summary": "Not scored yet. Nothing here counts against the grade.",
      "weight": 0.2
    }
  },
  "confidence": {
    "feed_age_days": 0,
    "fetch_source": "origin",
    "level": "medium",
    "measured_categories": 3,
    "notes": [
      "Realtime quality was not measured this run. It does not count against the grade.",
      "The feed was downloaded from the official feed URL on file."
    ],
    "rt_windows": 0,
    "total_categories": 4
  },
  "conformance": {
    "awarded": false,
    "criteria": [
      {
        "detail": "2 validator errors to resolve.",
        "key": "valid",
        "met": false
      },
      {
        "detail": "Service data covers the next 117 days.",
        "key": "current",
        "met": true
      },
      {
        "detail": "States wheelchair access on 0% of stops and 0% of trips; the mark needs 90% of each.",
        "key": "accessible",
        "met": false
      }
    ],
    "status": "not_yet",
    "summary": "Two requirements remain for this feed to earn the conformance mark. 2 validator errors to resolve. States wheelchair access on 0% of stops and 0% of trips; the mark needs 90% of each.",
    "version": 2
  },
  "feed": {
    "license_note": "CC BY through the Minho Access Point, the public mobility data portal run by the Associa\u00e7\u00e3o Quadril\u00e1tero Urbano for its member municipalities and intermunicipal communities.",
    "reachable": true,
    "sha256": "0a9db7fd3ab3011fad0312666d1a90b4df9943ba4d2e9acdb2c1b017f0037655",
    "size_bytes": 4836169,
    "source_provenance": "official",
    "static_url": "https://minhoaccesspoint.eu/dataset/332cc43a-5567-4521-88aa-6a0fc8d11eaa/resource/655b4bec-3a0b-45ee-9805-89c0d9cacaab/download/gtfs_cav_v9.4.1_20251120_l2.zip"
  },
  "fetch": {
    "final_url": "https://minhoaccesspoint.eu/dataset/332cc43a-5567-4521-88aa-6a0fc8d11eaa/resource/655b4bec-3a0b-45ee-9805-89c0d9cacaab/download/gtfs_cav_v9.4.1_20251120_l2.zip",
    "max_attempts": 4,
    "reader_archive_profile": "raw-v1",
    "source": "origin",
    "user_agent": "Mozilla/5.0 (X11; Linux x86_64) AppleWebKit/537.36 (KHTML, like Gecko) Chrome/125.0.0.0 Safari/537.36"
  },
  "generated_at": "2026-09-05T00:00:00+00:00",
  "geo": {
    "bbox": [
      -8.84026,
      41.17336,
      -7.7359,
      41.85188
    ],
    "lat": 41.52909,
    "lon": -8.40704,
    "stop_count": 8415
  },
  "mode_profile": {
    "ferry_only": false,
    "graded": false,
    "has_ferry": false,
    "is_multimodal": false,
    "measured": true,
    "modes": [
      {
        "key": "bus",
        "label": "Bus",
        "route_count": 49,
        "trip_count": 678,
        "trip_share_pct": 100.0
      }
    ],
    "primary_mode": "bus",
    "primary_mode_label": "Bus",
    "route_count": 49,
    "trip_count": 678
  },
  "overall": {
    "grade": "F",
    "margin_to_lower_band": 39.2,
    "margin_to_next_band": 20.8,
    "score": 39.2
  },
  "recommendations": [
    {
      "category": "accessibility",
      "code": "scorecard_stop_name_needs_tts",
      "count": 136,
      "effort": "A short text field per affected stop; start with the busiest.",
      "fix": "Add tts_stop_name with the spoken form, e.g. 'Main Street and Second Avenue', for the affected stops.",
      "owner": "",
      "points": 0.0,
      "severity": "INFO",
      "what": "136 stop name(s) use abbreviations or symbols a screen reader may mispronounce, with no spoken form set (\"Av. dos Combatentes\", \"Lij\u00f3 (X Esparrinha/EN306)\", \"EM557/Ribeiro\", and more).",
      "why": "A screen reader speaks the raw name. 'Main St & 2nd Ave' can come out as 'Main saint', or lose the ampersand."
    },
    {
      "category": "accessibility",
      "code": "scorecard_station_missing_step_free_data",
      "count": 2,
      "effort": "Worth it for multi-level or large stations; flat stops don't need it.",
      "fix": "Add pathways.txt connecting entrances, platforms, and elevators, and levels.txt for each floor, so the step-free route is described.",
      "owner": "",
      "points": 0.0,
      "severity": "WARNING",
      "what": "This feed models stations or entrances but has no pathways.txt and levels.txt.",
      "why": "Without pathways and levels, a wheelchair user can't tell if a step-free route exists inside the station. Trip planners can't route anyone through it."
    }
  ],
  "routability": {
    "boardable_stops": 8412,
    "findings": [
      {
        "code": "scorecard_orphan_stops",
        "count": 6849,
        "effort": "A cleanup pass in your scheduling software.",
        "fix": "Remove stops no route serves, or add the trips that should call at them.",
        "owner": "Likely your export tool",
        "points": 0.0,
        "severity": "INFO",
        "what": "6849 of 8412 boardable stops are never served by any trip.",
        "why": "Riders see these stops in apps and on the map but can never catch anything there, which erodes trust in the data."
      }
    ],
    "orphan_stops": 6849,
    "single_stop_trips": 0,
    "trips_total": 678
  },
  "route_map": {
    "drawn_route_count": 49,
    "has_shapes": true,
    "path": "data/artifacts/cim-cavado-lote-2/geometry.geojson",
    "route_count": 49,
    "routes": [
      {
        "color": "1A7A46",
        "color_name": "green",
        "has_shape": true,
        "id": "100",
        "label": "100",
        "long": "Braga - Arcos de Valdevez",
        "short": "100",
        "text_color": "FFFFFF",
        "type_label": "Bus"
      },
      {
        "color": "1A7A46",
        "color_name": "green",
        "has_shape": true,
        "id": "105",
        "label": "105",
        "long": "Braga - Ponte de Lima",
        "short": "105",
        "text_color": "FFFFFF",
        "type_label": "Bus"
      },
      {
        "color": "1A7A46",
        "color_name": "green",
        "has_shape": true,
        "id": "200",
        "label": "200",
        "long": "Braga - Covide (por Campo do Ger\u00eas)",
        "short": "200",
        "text_color": "FFFFFF",
        "type_label": "Bus"
      },
      {
        "color": "1A7A46",
        "color_name": "green",
        "has_shape": true,
        "id": "201",
        "label": "201",
        "long": "Braga - Caldas do Ger\u00eas",
        "short": "201",
        "text_color": "FFFFFF",
        "type_label": "Bus"
      },
      {
        "color": "1A7A46",
        "color_name": "green",
        "has_shape": true,
        "id": "202",
        "label": "202",
        "long": "Braga - Amares (por Barreiros)",
        "short": "202",
        "text_color": "FFFFFF",
        "type_label": "Bus"
      },
      {
        "color": "1A7A46",
        "color_name": "green",
        "has_shape": true,
        "id": "204",
        "label": "204",
        "long": "Braga - Dornelas (por Gualtar e Amares)",
        "short": "204",
        "text_color": "FFFFFF",
        "type_label": "Bus"
      },
      {
        "color": "1A7A46",
        "color_name": "green",
        "has_shape": true,
        "id": "205",
        "label": "205",
        "long": "Loureira - Vila Verde",
        "short": "205",
        "text_color": "FFFFFF",
        "type_label": "Bus"
      },
      {
        "color": "1A7A46",
        "color_name": "green",
        "has_shape": true,
        "id": "206",
        "label": "206",
        "long": "Braga - Vila Verde (por Lage)",
        "short": "206",
        "text_color": "FFFFFF",
        "type_label": "Bus"
      },
      {
        "color": "1A7A46",
        "color_name": "green",
        "has_shape": true,
        "id": "207",
        "label": "207",
        "long": "Braga - Vila Verde (por Prado e Soutelo)",
        "short": "207",
        "text_color": "FFFFFF",
        "type_label": "Bus"
      },
      {
        "color": "1A7A46",
        "color_name": "green",
        "has_shape": true,
        "id": "208",
        "label": "208",
        "long": "Braga - Vila Verde (por Soutelo e Turiz)",
        "short": "208",
        "text_color": "FFFFFF",
        "type_label": "Bus"
      },
      {
        "color": "1A7A46",
        "color_name": "green",
        "has_shape": true,
        "id": "217",
        "label": "217",
        "long": "Corvos - Alvito S Pedro (por Prado)",
        "short": "217",
        "text_color": "FFFFFF",
        "type_label": "Bus"
      },
      {
        "color": "1A7A46",
        "color_name": "green",
        "has_shape": true,
        "id": "219",
        "label": "219",
        "long": "Amares - Vila Verde",
        "short": "219",
        "text_color": "FFFFFF",
        "type_label": "Bus"
      },
      {
        "color": "1A7A46",
        "color_name": "green",
        "has_shape": true,
        "id": "220",
        "label": "220",
        "long": "Terras de Bouro - Vila Verde (por Caldelas)",
        "short": "220",
        "text_color": "FFFFFF",
        "type_label": "Bus"
      },
      {
        "color": "1A7A46",
        "color_name": "green",
        "has_shape": true,
        "id": "221",
        "label": "221",
        "long": "Terras de Bouro - Vila Verde (por Valdreu)",
        "short": "221",
        "text_color": "FFFFFF",
        "type_label": "Bus"
      },
      {
        "color": "1A7A46",
        "color_name": "green",
        "has_shape": true,
        "id": "300",
        "label": "300",
        "long": "Amares - Seramil (por Dornelas e Caires)",
        "short": "300",
        "text_color": "FFFFFF",
        "type_label": "Bus"
      },
      {
        "color": "1A7A46",
        "color_name": "green",
        "has_shape": true,
        "id": "301",
        "label": "301",
        "long": "Besteiros - Amares (por \u00c2ncede)",
        "short": "301",
        "text_color": "FFFFFF",
        "type_label": "Bus"
      },
      {
        "color": "1A7A46",
        "color_name": "green",
        "has_shape": true,
        "id": "302",
        "label": "302",
        "long": "Feira Nova - Abadia",
        "short": "302",
        "text_color": "FFFFFF",
        "type_label": "Bus"
      },
      {
        "color": "1A7A46",
        "color_name": "green",
        "has_shape": true,
        "id": "303",
        "label": "303",
        "long": "Caldelas - Vilela",
        "short": "303",
        "text_color": "FFFFFF",
        "type_label": "Bus"
      },
      {
        "color": "1A7A46",
        "color_name": "green",
        "has_shape": true,
        "id": "304",
        "label": "304",
        "long": "Circular Amares - Caldelas - Rendufe",
        "short": "304",
        "text_color": "FFFFFF",
        "type_label": "Bus"
      },
      {
        "color": "1A7A46",
        "color_name": "green",
        "has_shape": true,
        "id": "306",
        "label": "306",
        "long": "Seramil - Vilela - Go\u00e3es - Bouro",
        "short": "306",
        "text_color": "FFFFFF",
        "type_label": "Bus"
      },
      {
        "color": "1A7A46",
        "color_name": "green",
        "has_shape": true,
        "id": "500",
        "label": "500",
        "long": "Terras de Bouro - Rio Caldo",
        "short": "500",
        "text_color": "FFFFFF",
        "type_label": "Bus"
      },
      {
        "color": "1A7A46",
        "color_name": "green",
        "has_shape": true,
        "id": "501",
        "label": "501",
        "long": "Circular Terras de Bouro - Brufe - Verga\u00e7o",
        "short": "501",
        "text_color": "FFFFFF",
        "type_label": "Bus"
      },
      {
        "color": "1A7A46",
        "color_name": "green",
        "has_shape": true,
        "id": "503",
        "label": "503",
        "long": "Rio Caldo - Ermida",
        "short": "503",
        "text_color": "FFFFFF",
        "type_label": "Bus"
      },
      {
        "color": "1A7A46",
        "color_name": "green",
        "has_shape": true,
        "id": "504",
        "label": "504",
        "long": "Rio Caldo - Paradela",
        "short": "504",
        "text_color": "FFFFFF",
        "type_label": "Bus"
      },
      {
        "color": "1A7A46",
        "color_name": "green",
        "has_shape": true,
        "id": "505",
        "label": "505",
        "long": "Ger\u00eas - Ermida",
        "short": "505",
        "text_color": "FFFFFF",
        "type_label": "Bus"
      },
      {
        "color": "1A7A46",
        "color_name": "green",
        "has_shape": true,
        "id": "506",
        "label": "506",
        "long": "Circular Terras de Bouro - Terras de Bouro (por Ventozelo-Alecrimes e Seara)",
        "short": "506",
        "text_color": "FFFFFF",
        "type_label": "Bus"
      },
      {
        "color": "1A7A46",
        "color_name": "green",
        "has_shape": true,
        "id": "507",
        "label": "507",
        "long": "Escolar Moimenta - Travassos - Padr\u00f3s - Freitas",
        "short": "507",
        "text_color": "FFFFFF",
        "type_label": "Bus"
      },
      {
        "color": "1A7A46",
        "color_name": "green",
        "has_shape": true,
        "id": "508",
        "label": "508",
        "long": "Valbom S. Pedro - Terras de Bouro (por Valdreu)",
        "short": "508",
        "text_color": "FFFFFF",
        "type_label": "Bus"
      },
      {
        "color": "1A7A46",
        "color_name": "green",
        "has_shape": true,
        "id": "600",
        "label": "600",
        "long": "Vila Verde - Grovelas",
        "short": "600",
        "text_color": "FFFFFF",
        "type_label": "Bus"
      },
      {
        "color": "1A7A46",
        "color_name": "green",
        "has_shape": true,
        "id": "601",
        "label": "601",
        "long": "Vila Verde - Cerv\u00e3es",
        "short": "601",
        "text_color": "FFFFFF",
        "type_label": "Bus"
      },
      {
        "color": "1A7A46",
        "color_name": "green",
        "has_shape": true,
        "id": "602",
        "label": "602",
        "long": "Vila Verde - Estrumil",
        "short": "602",
        "text_color": "FFFFFF",
        "type_label": "Bus"
      },
      {
        "color": "1A7A46",
        "color_name": "green",
        "has_shape": true,
        "id": "603",
        "label": "603",
        "long": "Vila Verde - Marrancos (por Arcozelo)",
        "short": "603",
        "text_color": "FFFFFF",
        "type_label": "Bus"
      },
      {
        "color": "1A7A46",
        "color_name": "green",
        "has_shape": true,
        "id": "604",
        "label": "604",
        "long": "Vila Verde - Godinha\u00e7os",
        "short": "604",
        "text_color": "FFFFFF",
        "type_label": "Bus"
      },
      {
        "color": "1A7A46",
        "color_name": "green",
        "has_shape": true,
        "id": "605",
        "label": "605",
        "long": "Vila Verde - Code\u00e7al",
        "short": "605",
        "text_color": "FFFFFF",
        "type_label": "Bus"
      },
      {
        "color": "1A7A46",
        "color_name": "green",
        "has_shape": true,
        "id": "606",
        "label": "606",
        "long": "Vila Verde - Prado (por Parada de Gatim)",
        "short": "606",
        "text_color": "FFFFFF",
        "type_label": "Bus"
      },
      {
        "color": "1A7A46",
        "color_name": "green",
        "has_shape": true,
        "id": "607",
        "label": "607",
        "long": "Vila Verde - Prado (por Turiz)",
        "short": "607",
        "text_color": "FFFFFF",
        "type_label": "Bus"
      },
      {
        "color": "1A7A46",
        "color_name": "green",
        "has_shape": true,
        "id": "608",
        "label": "608",
        "long": "Vila Verde - Aboim da N\u00f3brega",
        "short": "608",
        "text_color": "FFFFFF",
        "type_label": "Bus"
      },
      {
        "color": "1A7A46",
        "color_name": "green",
        "has_shape": true,
        "id": "610",
        "label": "610",
        "long": "Escolar Moure - Nevogilde",
        "short": "610",
        "text_color": "FFFFFF",
        "type_label": "Bus"
      },
      {
        "color": "1A7A46",
        "color_name": "green",
        "has_shape": true,
        "id": "611",
        "label": "611",
        "long": "Escolar Moure - Ati\u00e3es - Lage - Turiz",
        "short": "611",
        "text_color": "FFFFFF",
        "type_label": "Bus"
      },
      {
        "color": "1A7A46",
        "color_name": "green",
        "has_shape": true,
        "id": "613",
        "label": "613",
        "long": "Escolar Circular Prado - Oleiros - Cerv\u00e3es - Carvalhinhos - Prado",
        "short": "613",
        "text_color": "FFFFFF",
        "type_label": "Bus"
      },
      {
        "color": "1A7A46",
        "color_name": "green",
        "has_shape": true,
        "id": "614",
        "label": "614",
        "long": "Moure (Esc) - Escariz (S Martinho) e Parada de Gatim",
        "short": "614",
        "text_color": "FFFFFF",
        "type_label": "Bus"
      },
      {
        "color": "1A7A46",
        "color_name": "green",
        "has_shape": true,
        "id": "615",
        "label": "615",
        "long": "Escolar Pico Regalados - Gondi\u00e3es - Doss\u00e3os - Revenda",
        "short": "615",
        "text_color": "FFFFFF",
        "type_label": "Bus"
      },
      {
        "color": "1A7A46",
        "color_name": "green",
        "has_shape": true,
        "id": "616",
        "label": "616",
        "long": "Escolar Pico Regalados - Coucieiro - Valbom S Pedro - Valdreu",
        "short": "616",
        "text_color": "FFFFFF",
        "type_label": "Bus"
      },
      {
        "color": "1A7A46",
        "color_name": "green",
        "has_shape": true,
        "id": "617",
        "label": "617",
        "long": "Escolar Ribeira Neiva - Rio Mau - Code\u00e7al - Cachadoufe",
        "short": "617",
        "text_color": "FFFFFF",
        "type_label": "Bus"
      },
      {
        "color": "1A7A46",
        "color_name": "green",
        "has_shape": true,
        "id": "618",
        "label": "618",
        "long": "Escolar Ribeira Neiva - Pedregais - Godinha\u00e7os",
        "short": "618",
        "text_color": "FFFFFF",
        "type_label": "Bus"
      },
      {
        "color": "1A7A46",
        "color_name": "green",
        "has_shape": true,
        "id": "619",
        "label": "619",
        "long": "Ribeira Neiva -  Arcozelo (por Marrancos)",
        "short": "619",
        "text_color": "FFFFFF",
        "type_label": "Bus"
      },
      {
        "color": "1A7A46",
        "color_name": "green",
        "has_shape": true,
        "id": "620",
        "label": "620",
        "long": "Moure (Esc) - Vila Verde (por Lage e Turiz)",
        "short": "620",
        "text_color": "FFFFFF",
        "type_label": "Bus"
      },
      {
        "color": "1A7A46",
        "color_name": "green",
        "has_shape": true,
        "id": "621",
        "label": "621",
        "long": "Casais de Gondomar - Aboim da Nobrega (Sao Sim\u00e3o)",
        "short": "621",
        "text_color": "FFFFFF",
        "type_label": "Bus"
      },
      {
        "color": "1A7A46",
        "color_name": "green",
        "has_shape": true,
        "id": "622",
        "label": "622",
        "long": "Pico de Regalados (Escola EB 23) - Portela de Vade",
        "short": "622",
        "text_color": "FFFFFF",
        "type_label": "Bus"
      }
    ],
    "stop_count": 8415,
    "stop_points_capped": true
  },
  "rubric_version": "1.3",
  "schema_version": "1.18",
  "scoring_profile": {
    "id": "gtfs-scorecard-1.3",
    "provenance": "GTFS Scorecard's project-authored weights, deductions, thresholds, grade bands, and fix ranking, informed by the California Transit Data Guidelines and the MobilityData gtfs-validator. It is not a worldwide standard or a compliance determination.",
    "rubric_version": "1.3"
  },
  "snapshot_date": "2026-09-05",
  "top_fixes": [
    {
      "code": "foreign_key_violation",
      "count": 46444,
      "effort": "Varies.",
      "fix": "Review the rule documentation for 'foreign_key_violation' at https://gtfs-validator.mobilitydata.org/rules.html and check the flagged rows in your feed.",
      "owner": "",
      "points": 24.0,
      "rank": 1,
      "severity": "ERROR",
      "what": "Foreign key violation (flagged by the MobilityData validator).",
      "why": "See the linked rule for what this affects."
    },
    {
      "code": "trip_distance_exceeds_shape_distance",
      "count": 12,
      "effort": "Varies.",
      "fix": "Review the rule documentation for 'trip_distance_exceeds_shape_distance' at https://gtfs-validator.mobilitydata.org/rules.html and check the flagged rows in your feed.",
      "owner": "",
      "points": 18.0,
      "rank": 2,
      "severity": "ERROR",
      "what": "Trip distance exceeds shape distance (flagged by the MobilityData validator).",
      "why": "See the linked rule for what this affects."
    },
    {
      "code": "scorecard_wheelchair_boarding_unknown",
      "count": 8415,
      "effort": "A column in stops.txt; your scheduling software likely has it.",
      "fix": "Set wheelchair_boarding to 1 (accessible) or 2 (not accessible) for every stop. A field survey can start with the busiest stops.",
      "owner": "Likely your team",
      "points": 25.0,
      "rank": 3,
      "severity": "WARNING",
      "what": "8415 of 8415 stops don't say whether a wheelchair user can board there.",
      "why": "Riders who use wheelchairs can't plan a trip when accessibility is marked 'unknown'; apps show no information at all."
    }
  ],
  "validator_version": "8.0.1"
}
